{"id":10259,"date":"2015-06-19T14:57:34","date_gmt":"2015-06-19T12:57:34","guid":{"rendered":"http:\/\/kevinrechsteiner.com\/blog\/?p=10259"},"modified":"2015-06-19T14:59:24","modified_gmt":"2015-06-19T12:59:24","slug":"goeteborg-05-der-dritte-platz","status":"publish","type":"post","link":"https:\/\/kevinrechsteiner.com\/blog\/2015\/06\/19\/goeteborg-05-der-dritte-platz\/","title":{"rendered":"G\u00f6teborg #05: Der dritte Platz!"},"content":{"rendered":"<p>Die World of Coffee ist vorbei und der schweizerische Kaffee-Touristen-Anteil hier in G\u00f6teborg nimmt wieder ab. Wir sind auf der R\u00fcckreise.<br \/>\nUm ein bisschen auszuholen: Hier in G\u00f6teborg fanden die Weltmeisterschaften in mehreren Kaffee-Disziplinen statt. In drei davon war auch die Schweiz vertreten. Milo Kamil in\u00a0Latte Art. Benjamin Prager im Brewers Cup und Mathias B\u00fchler im Cup Tasting. Weitere Informationen zu den Disziplinen gibt es auf der <a href=\"https:\/\/www.swissscae.ch\/2015\/06\/medaillenhoffnungen-unser-kommentar-zur-kaffee-wm\/\" target=\"_blank\">Webseite des SCAE<\/a>.<br \/>\nMilo hat den 23. Platz erreicht und Mathias ist\u00a0mit 6 richtigen Tassen (von 8) auf dem 18. Platz gelandet. Beeindruckend ist auch die Leistung von Benjamin Prager. Er ist im Brewers Cup auf Platz 3 gelandet. Besser waren nur Griechenland und Norwegen. Gratulation an alle!!<\/p>\n<div id=\"attachment_10261\" style=\"width: 1010px\" class=\"wp-caption alignnone\"><a href=\"https:\/\/kevinrechsteiner.com\/blog\/wp-content\/uploads\/2015\/06\/IMG_2055.jpg\" rel=\"lightbox[10259]\"><img loading=\"lazy\" decoding=\"async\" aria-describedby=\"caption-attachment-10261\" class=\"size-full wp-image-10261\" src=\"https:\/\/kevinrechsteiner.com\/blog\/wp-content\/uploads\/2015\/06\/IMG_2055.jpg\" alt=\"Mathias B\u00fchler\" width=\"1000\" height=\"675\" srcset=\"https:\/\/kevinrechsteiner.com\/blog\/wp-content\/uploads\/2015\/06\/IMG_2055.jpg 1000w, https:\/\/kevinrechsteiner.com\/blog\/wp-content\/uploads\/2015\/06\/IMG_2055-300x203.jpg 300w\" sizes=\"auto, (max-width: 1000px) 100vw, 1000px\" \/><\/a><p id=\"caption-attachment-10261\" class=\"wp-caption-text\">Mathias B\u00fchler<\/p><\/div>\n<div id=\"attachment_10262\" style=\"width: 1010px\" class=\"wp-caption alignnone\"><a href=\"https:\/\/kevinrechsteiner.com\/blog\/wp-content\/uploads\/2015\/06\/IMG_2110.jpg\" rel=\"lightbox[10259]\"><img loading=\"lazy\" decoding=\"async\" aria-describedby=\"caption-attachment-10262\" class=\"size-full wp-image-10262\" src=\"https:\/\/kevinrechsteiner.com\/blog\/wp-content\/uploads\/2015\/06\/IMG_2110.jpg\" alt=\"Benjamin Prager\" width=\"1000\" height=\"667\" srcset=\"https:\/\/kevinrechsteiner.com\/blog\/wp-content\/uploads\/2015\/06\/IMG_2110.jpg 1000w, https:\/\/kevinrechsteiner.com\/blog\/wp-content\/uploads\/2015\/06\/IMG_2110-300x200.jpg 300w\" sizes=\"auto, (max-width: 1000px) 100vw, 1000px\" \/><\/a><p id=\"caption-attachment-10262\" class=\"wp-caption-text\">Benjamin Prager<\/p><\/div>\n<div id=\"attachment_10263\" style=\"width: 1010px\" class=\"wp-caption alignnone\"><a href=\"https:\/\/kevinrechsteiner.com\/blog\/wp-content\/uploads\/2015\/06\/IMG_2080.jpg\" rel=\"lightbox[10259]\"><img loading=\"lazy\" decoding=\"async\" aria-describedby=\"caption-attachment-10263\" class=\"size-full wp-image-10263\" src=\"https:\/\/kevinrechsteiner.com\/blog\/wp-content\/uploads\/2015\/06\/IMG_2080.jpg\" alt=\"Milo Kamil\" width=\"1000\" height=\"667\" srcset=\"https:\/\/kevinrechsteiner.com\/blog\/wp-content\/uploads\/2015\/06\/IMG_2080.jpg 1000w, https:\/\/kevinrechsteiner.com\/blog\/wp-content\/uploads\/2015\/06\/IMG_2080-300x200.jpg 300w\" sizes=\"auto, (max-width: 1000px) 100vw, 1000px\" \/><\/a><p id=\"caption-attachment-10263\" class=\"wp-caption-text\">Milo Kamil<\/p><\/div>\n<p>&nbsp;<\/p>\n","protected":false},"excerpt":{"rendered":"<p>Die World of Coffee ist vorbei und der schweizerische Kaffee-Touristen-Anteil hier in G\u00f6teborg nimmt wieder ab. Wir sind auf der R\u00fcckreise. Um ein bisschen auszuholen: Hier in G\u00f6teborg fanden die Weltmeisterschaften in mehreren Kaffee-Disziplinen statt. In drei davon war auch die Schweiz vertreten. Milo Kamil in\u00a0Latte Art. Benjamin Prager im Brewers Cup und Mathias B\u00fchler [&hellip;]<\/p>\n","protected":false},"author":1,"featured_media":0,"comment_status":"open","ping_status":"open","sticky":false,"template":"","format":"standard","meta":{"footnotes":""},"categories":[31],"tags":[543,576,544],"class_list":["post-10259","post","type-post","status-publish","format-standard","hentry","category-kaffee","tag-goeteborg","tag-travel","tag-world-of-coffee"],"_links":{"self":[{"href":"https:\/\/kevinrechsteiner.com\/blog\/wp-json\/wp\/v2\/posts\/10259","targetHints":{"allow":["GET"]}}],"collection":[{"href":"https:\/\/kevinrechsteiner.com\/blog\/wp-json\/wp\/v2\/posts"}],"about":[{"href":"https:\/\/kevinrechsteiner.com\/blog\/wp-json\/wp\/v2\/types\/post"}],"author":[{"embeddable":true,"href":"https:\/\/kevinrechsteiner.com\/blog\/wp-json\/wp\/v2\/users\/1"}],"replies":[{"embeddable":true,"href":"https:\/\/kevinrechsteiner.com\/blog\/wp-json\/wp\/v2\/comments?post=10259"}],"version-history":[{"count":0,"href":"https:\/\/kevinrechsteiner.com\/blog\/wp-json\/wp\/v2\/posts\/10259\/revisions"}],"wp:attachment":[{"href":"https:\/\/kevinrechsteiner.com\/blog\/wp-json\/wp\/v2\/media?parent=10259"}],"wp:term":[{"taxonomy":"category","embeddable":true,"href":"https:\/\/kevinrechsteiner.com\/blog\/wp-json\/wp\/v2\/categories?post=10259"},{"taxonomy":"post_tag","embeddable":true,"href":"https:\/\/kevinrechsteiner.com\/blog\/wp-json\/wp\/v2\/tags?post=10259"}],"curies":[{"name":"wp","href":"https:\/\/api.w.org\/{rel}","templated":true}]}}