{"id":10484,"date":"2015-07-30T10:30:44","date_gmt":"2015-07-30T08:30:44","guid":{"rendered":"http:\/\/kevinrechsteiner.com\/blog\/?p=10484"},"modified":"2015-07-30T10:31:03","modified_gmt":"2015-07-30T08:31:03","slug":"ein-kleines-haus-auf-raedern","status":"publish","type":"post","link":"https:\/\/kevinrechsteiner.com\/blog\/2015\/07\/30\/ein-kleines-haus-auf-raedern\/","title":{"rendered":"Ein kleines Haus auf R\u00e4dern"},"content":{"rendered":"<p>Ich bin mal wieder bei etwas h\u00e4ngen geblieben&#8230; Ausschlaggebend daf\u00fcr war wohl, dass ich einen Westfalia-VW-Bus geschenkt bekommen habe. Der Bus hat Jahrgang 1986 und hat eine integrierte K\u00fcche mit K\u00fchlschrank und fliessendem Wasser, sowie einem Bett auf dem Dach. Fast das gleiche, wie unser <a href=\"https:\/\/kevinrechsteiner.com\/blog\/2013\/09\/04\/america-05-ein-bus-namens-sophia\/\">Reiseauto durch die USA<\/a>.<br \/>\nDer Bus war in einem guten Grundzustand, aber es musste doch einiges daran gemacht werden. Der Lack hatte einige Sch\u00e4den, der K\u00fchlschrank war nicht mehr optimal bzw. hat eigentlich nicht mehr gek\u00fchlt. Das Lamellenfenster hinter der K\u00fcche liess sich nicht mehr \u00f6ffnen und auch der Verschluss des Dachfensters war nicht mehr ganz funktionst\u00fcchtig. Es waren auch sonst noch ein paar kosmetische Sachen n\u00f6tig. Das wollte ich alles im Winter machen. Es hat mir dann aber keine Ruhe gelassen und ich habe in den letzten drei Monaten sehr viel Zeit in den Bus investiert und nun ist er &#8211; bis auf ein paar kleine Sachen &#8211; wieder in perfektem Zustand.<\/p>\n<p><a href=\"https:\/\/kevinrechsteiner.com\/blog\/wp-content\/uploads\/2015\/07\/IMG_2521.jpg\" rel=\"lightbox[10484]\"><img loading=\"lazy\" decoding=\"async\" class=\"alignleft size-full wp-image-10494\" src=\"https:\/\/kevinrechsteiner.com\/blog\/wp-content\/uploads\/2015\/07\/IMG_2521.jpg\" alt=\"IMG_2521\" width=\"1200\" height=\"800\" srcset=\"https:\/\/kevinrechsteiner.com\/blog\/wp-content\/uploads\/2015\/07\/IMG_2521.jpg 1200w, https:\/\/kevinrechsteiner.com\/blog\/wp-content\/uploads\/2015\/07\/IMG_2521-300x200.jpg 300w, https:\/\/kevinrechsteiner.com\/blog\/wp-content\/uploads\/2015\/07\/IMG_2521-1000x667.jpg 1000w, https:\/\/kevinrechsteiner.com\/blog\/wp-content\/uploads\/2015\/07\/IMG_2521-1194x796.jpg 1194w\" sizes=\"auto, (max-width: 1200px) 100vw, 1200px\" \/><\/a><\/p>\n<p>W\u00e4hrend dieser Zeit habe ich gemerkt, dass ich die grosse Wohnung in der ich im Moment wohne eigentlich gar nicht brauche, vor allem weil ich im Moment alleine lebe. Auch viele Dinge, die sich \u00fcber die Jahre angesammelt haben, sind nicht mehr wichtig f\u00fcr mich. Andererseits habe ich auch gemerkt, welche Dinge mir\u00a0wirklich wichtig sind\u00a0&#8211; und das ist erstaunlich wenig.<br \/>\nIrgendwann bin ich dann auf eine Bewegung aus der USA gestossen, die sich Tiny House nennt. Das sind H\u00e4user, die auf einem Anh\u00e4nger aufgebaut werden und sehr klein und fexibel sind. Auf rund 30m\u00b2 findet man alles, was man zum Leben braucht.<br \/>\nDas ganze fasziniert mich so sehr, dass ich im Moment am abkl\u00e4ren bin, ob und wie man in so etwas leben darf. Nat\u00fcrlich gibt es in der Schweiz die verschiedensten Gesetze und ich bin gespannt, ob sowas \u00fcberhaupt m\u00f6glich ist.<br \/>\nIn diesem Video gibt es einen Rundgang durch so ein Tiny House. Die M\u00f6glichkeiten sind fast endlos&#8230;<\/p>\n<p><iframe loading=\"lazy\" src=\"https:\/\/player.vimeo.com\/video\/66062925\" width=\"500\" height=\"281\" frameborder=\"0\" allowfullscreen=\"allowfullscreen\"><\/iframe><\/p>\n<p><a href=\"https:\/\/vimeo.com\/66062925\">Tiny House Tour<\/a> from <a href=\"https:\/\/vimeo.com\/jamison\">Jamison Hiner<\/a> on <a href=\"https:\/\/vimeo.com\">Vimeo<\/a>.<\/p>\n","protected":false},"excerpt":{"rendered":"<p>Ich bin mal wieder bei etwas h\u00e4ngen geblieben&#8230; Ausschlaggebend daf\u00fcr war wohl, dass ich einen Westfalia-VW-Bus geschenkt bekommen habe. Der Bus hat Jahrgang 1986 und hat eine integrierte K\u00fcche mit K\u00fchlschrank und fliessendem Wasser, sowie einem Bett auf dem Dach. Fast das gleiche, wie unser Reiseauto durch die USA. Der Bus war in einem guten [&hellip;]<\/p>\n","protected":false},"author":1,"featured_media":0,"comment_status":"open","ping_status":"open","sticky":false,"template":"","format":"standard","meta":{"footnotes":""},"categories":[6],"tags":[562,162,563],"class_list":["post-10484","post","type-post","status-publish","format-standard","hentry","category-leben","tag-tiny-house","tag-vw-bus","tag-wohnen"],"_links":{"self":[{"href":"https:\/\/kevinrechsteiner.com\/blog\/wp-json\/wp\/v2\/posts\/10484","targetHints":{"allow":["GET"]}}],"collection":[{"href":"https:\/\/kevinrechsteiner.com\/blog\/wp-json\/wp\/v2\/posts"}],"about":[{"href":"https:\/\/kevinrechsteiner.com\/blog\/wp-json\/wp\/v2\/types\/post"}],"author":[{"embeddable":true,"href":"https:\/\/kevinrechsteiner.com\/blog\/wp-json\/wp\/v2\/users\/1"}],"replies":[{"embeddable":true,"href":"https:\/\/kevinrechsteiner.com\/blog\/wp-json\/wp\/v2\/comments?post=10484"}],"version-history":[{"count":0,"href":"https:\/\/kevinrechsteiner.com\/blog\/wp-json\/wp\/v2\/posts\/10484\/revisions"}],"wp:attachment":[{"href":"https:\/\/kevinrechsteiner.com\/blog\/wp-json\/wp\/v2\/media?parent=10484"}],"wp:term":[{"taxonomy":"category","embeddable":true,"href":"https:\/\/kevinrechsteiner.com\/blog\/wp-json\/wp\/v2\/categories?post=10484"},{"taxonomy":"post_tag","embeddable":true,"href":"https:\/\/kevinrechsteiner.com\/blog\/wp-json\/wp\/v2\/tags?post=10484"}],"curies":[{"name":"wp","href":"https:\/\/api.w.org\/{rel}","templated":true}]}}