{"id":10977,"date":"2015-12-02T15:25:51","date_gmt":"2015-12-02T14:25:51","guid":{"rendered":"http:\/\/kevinrechsteiner.com\/blog\/?p=10977"},"modified":"2015-12-02T15:25:51","modified_gmt":"2015-12-02T14:25:51","slug":"lifelessons-05-wie-alt-fuehlst-du-dich-gerade","status":"publish","type":"post","link":"https:\/\/kevinrechsteiner.com\/blog\/2015\/12\/02\/lifelessons-05-wie-alt-fuehlst-du-dich-gerade\/","title":{"rendered":"#lifelessons 05: Wie alt f\u00fchlst du dich gerade?"},"content":{"rendered":"<p>&#8220;Wie alt bist du gerade?&#8221;<br \/>\nAuf den ersten Blick eine komische Frage. Jahrgang 1982. Also 33 Jahre alt.<br \/>\nVielleicht kann man die Frage umformulieren: &#8220;Wie alt f\u00fchlst du dich gerade?&#8221; Das macht die Antwort schwieriger.<br \/>\nAber warum? Bei den meisten Menschen gibt es ein gef\u00fchltes Alter, dieses ist meist nicht ganz genau definiert, \u00e4ussert sich aber durch Lebensumst\u00e4nde, W\u00fcnsche und Bed\u00fcrfnisse. Wir haben ein Arbeitsumfeld, bestimmte Freunde und Aktivit\u00e4ten, die unserem Alter entsprechen. Wir sind 35 Jahre alt. Wir leben in einer Beziehung, haben Kinder und Haustiere. Wir haben ein fixes Einkommen und bezahlen Steuern.<br \/>\nUnd dann gibt es Situationen, in denen wir uns nicht mehr 35 Jahre alt f\u00fchlen. Wir sind uns das in diesen Situationen auch meist nicht bewusst. Bestes Beispiel: Wir verlieben uns neu. Im Moment des Verliebtseins f\u00fchlen wir uns nicht mehr 35 Jahre alt. Wir sind wieder 15. Die erste Liebe. Gl\u00fccksgef\u00fchle. Riesige Energie und schlaflose N\u00e4chte. Das selbe Gef\u00fchl kann sich auch bei neuen Ideen oder Projekten zeigen. Das ist die positive Seite.<br \/>\nEs gibt aber noch die umgekehrte Situation: Stress. Werden wir zum Vorgesetzten zitiert oder von der Polizei angehalten. Werden wir aus unserer Sicht falsch behandelt oder benachteiligt. Dann passiert das andere. Wir sind 7 Jahre alt.<br \/>\nOft verbindet man solche Situationen mit Erlebnissen aus der Kindheit. Wenn man z.B. vom Lehrer vor der Klasse &#8220;blossgestellt&#8221; wurde. Oder wenn man sonstigen Mist gebaut hat und daf\u00fcr &#8220;bestraft&#8221; wurde.<br \/>\nWir fallen auch mit 35 Jahren auf diese Muster rein und handeln dann wie ein Siebenj\u00e4hriger. Wir haben Angst, sind trotzig, aggressiv usw. In solchen Momenten hilft es, sich in den Moment zur\u00fcckzuholen. Wie alt bin ich und wie alt f\u00fchle ich mich. Sobald man dann auf dieser Meta-Ebene ist, kann man die eigenen Handlungen besser kontrollieren und verliert in vielen Situationen die Angst. Darum sollte man sich in Stresssituationen \u00f6fter mal die Frage stellen: &#8220;Wie alt f\u00fchle ich mich gerade?&#8221;<\/p>\n","protected":false},"excerpt":{"rendered":"<p>&#8220;Wie alt bist du gerade?&#8221; Auf den ersten Blick eine komische Frage. Jahrgang 1982. Also 33 Jahre alt. Vielleicht kann man die Frage umformulieren: &#8220;Wie alt f\u00fchlst du dich gerade?&#8221; Das macht die Antwort schwieriger. Aber warum? Bei den meisten Menschen gibt es ein gef\u00fchltes Alter, dieses ist meist nicht ganz genau definiert, \u00e4ussert sich [&hellip;]<\/p>\n","protected":false},"author":1,"featured_media":0,"comment_status":"open","ping_status":"open","sticky":false,"template":"","format":"standard","meta":{"footnotes":""},"categories":[651],"tags":[670],"class_list":["post-10977","post","type-post","status-publish","format-standard","hentry","category-lifelessons","tag-alter"],"_links":{"self":[{"href":"https:\/\/kevinrechsteiner.com\/blog\/wp-json\/wp\/v2\/posts\/10977","targetHints":{"allow":["GET"]}}],"collection":[{"href":"https:\/\/kevinrechsteiner.com\/blog\/wp-json\/wp\/v2\/posts"}],"about":[{"href":"https:\/\/kevinrechsteiner.com\/blog\/wp-json\/wp\/v2\/types\/post"}],"author":[{"embeddable":true,"href":"https:\/\/kevinrechsteiner.com\/blog\/wp-json\/wp\/v2\/users\/1"}],"replies":[{"embeddable":true,"href":"https:\/\/kevinrechsteiner.com\/blog\/wp-json\/wp\/v2\/comments?post=10977"}],"version-history":[{"count":0,"href":"https:\/\/kevinrechsteiner.com\/blog\/wp-json\/wp\/v2\/posts\/10977\/revisions"}],"wp:attachment":[{"href":"https:\/\/kevinrechsteiner.com\/blog\/wp-json\/wp\/v2\/media?parent=10977"}],"wp:term":[{"taxonomy":"category","embeddable":true,"href":"https:\/\/kevinrechsteiner.com\/blog\/wp-json\/wp\/v2\/categories?post=10977"},{"taxonomy":"post_tag","embeddable":true,"href":"https:\/\/kevinrechsteiner.com\/blog\/wp-json\/wp\/v2\/tags?post=10977"}],"curies":[{"name":"wp","href":"https:\/\/api.w.org\/{rel}","templated":true}]}}