{"id":11242,"date":"2016-01-28T10:37:05","date_gmt":"2016-01-28T09:37:05","guid":{"rendered":"http:\/\/kevinrechsteiner.com\/blog\/?p=11242"},"modified":"2016-01-28T10:37:05","modified_gmt":"2016-01-28T09:37:05","slug":"a-coffee-trip-to-the-fjords-of-bergen","status":"publish","type":"post","link":"https:\/\/kevinrechsteiner.com\/blog\/2016\/01\/28\/a-coffee-trip-to-the-fjords-of-bergen\/","title":{"rendered":"A Coffee Trip to the Fjords of Bergen"},"content":{"rendered":"<p>Ich habe wieder einmal einen Artikel f\u00fcr den <a href=\"https:\/\/europeancoffeetrip.com\/\" target=\"_blank\">European Coffee Trip<\/a> geschrieben. Da ich in der letzten Zeit oft in Bergen (Norwegen) war, habe ich das zum Anlass genommen, die Kaffeeszene dort ein bisschen vorzustellen.\u00a0Ich schreibe diese Artikel jeweils in englisch, was mir einerseits Spass macht, andererseits aber auch ein bisschen \u00fcberfordert. Ich lese zwar viele Texte und B\u00fccher, die englisch sind, aber zu Schreiben ist jeweils eine Herausforderung f\u00fcr mich. Auf jeden Fall macht es mir Spass und ich lerne mit jedem Artikel &#8211; dank die GegenleserInnen &#8211; jeweils viel dazu.<br \/>\n<a href=\"https:\/\/europeancoffeetrip.com\/bergen-coffee-trip\/\" target=\"_blank\">Hier geht&#8217;s zum Artikel<\/a> &#8211; viel Spass und vielleicht sehen wir uns ja mal in Bergen auf einen Kaffee&#8230;<\/p>\n","protected":false},"excerpt":{"rendered":"<p>Ich habe wieder einmal einen Artikel f\u00fcr den European Coffee Trip geschrieben. Da ich in der letzten Zeit oft in Bergen (Norwegen) war, habe ich das zum Anlass genommen, die Kaffeeszene dort ein bisschen vorzustellen.\u00a0Ich schreibe diese Artikel jeweils in englisch, was mir einerseits Spass macht, andererseits aber auch ein bisschen \u00fcberfordert. Ich lese zwar [&hellip;]<\/p>\n","protected":false},"author":1,"featured_media":0,"comment_status":"open","ping_status":"open","sticky":false,"template":"","format":"standard","meta":{"footnotes":""},"categories":[31,6],"tags":[411,446,581,376],"class_list":["post-11242","post","type-post","status-publish","format-standard","hentry","category-kaffee","category-leben","tag-bergen","tag-european-coffee-trip","tag-kaffee","tag-norwegen"],"_links":{"self":[{"href":"https:\/\/kevinrechsteiner.com\/blog\/wp-json\/wp\/v2\/posts\/11242","targetHints":{"allow":["GET"]}}],"collection":[{"href":"https:\/\/kevinrechsteiner.com\/blog\/wp-json\/wp\/v2\/posts"}],"about":[{"href":"https:\/\/kevinrechsteiner.com\/blog\/wp-json\/wp\/v2\/types\/post"}],"author":[{"embeddable":true,"href":"https:\/\/kevinrechsteiner.com\/blog\/wp-json\/wp\/v2\/users\/1"}],"replies":[{"embeddable":true,"href":"https:\/\/kevinrechsteiner.com\/blog\/wp-json\/wp\/v2\/comments?post=11242"}],"version-history":[{"count":0,"href":"https:\/\/kevinrechsteiner.com\/blog\/wp-json\/wp\/v2\/posts\/11242\/revisions"}],"wp:attachment":[{"href":"https:\/\/kevinrechsteiner.com\/blog\/wp-json\/wp\/v2\/media?parent=11242"}],"wp:term":[{"taxonomy":"category","embeddable":true,"href":"https:\/\/kevinrechsteiner.com\/blog\/wp-json\/wp\/v2\/categories?post=11242"},{"taxonomy":"post_tag","embeddable":true,"href":"https:\/\/kevinrechsteiner.com\/blog\/wp-json\/wp\/v2\/tags?post=11242"}],"curies":[{"name":"wp","href":"https:\/\/api.w.org\/{rel}","templated":true}]}}