{"id":133,"date":"2010-05-22T13:40:49","date_gmt":"2010-05-22T13:40:49","guid":{"rendered":"http:\/\/kevinrechsteiner.com\/blog\/?p=133"},"modified":"2010-06-19T06:22:01","modified_gmt":"2010-06-19T06:22:01","slug":"festbrennweiten","status":"publish","type":"post","link":"https:\/\/kevinrechsteiner.com\/blog\/2010\/05\/22\/festbrennweiten\/","title":{"rendered":"Festbrennweiten"},"content":{"rendered":"<p>Ich bin selber im Besitz von mehreren Festbrennweiten-Objektiven.<br \/>\nDas grossartige an der Arbeit mit diesen Objektiven ist, dass man auf eine Brennweite beschr\u00e4nkt ist. Das erscheint zuerst als grosse Einschr\u00e4nkung, er\u00f6ffnet aber nach der &#8220;Umstellung&#8221; einige Vorteile:<\/p>\n<ul>\n<li>Kein Zeitverlust mit Zoomen<\/li>\n<li>Oft ist die Qualit\u00e4t gegen\u00fcber Zooms viel besser<\/li>\n<li>Bewusstere Bildwahl<\/li>\n<\/ul>\n<p>Jedoch der gr\u00f6sste Vorteil bei Festbrennweiten kommt grad in der Konzertfotografie zum Zuge.<br \/>\nDie meisten Objektive mit Festbrennweiten sind viel Lichtst\u00e4rker (kleinere Blendenzahl).<br \/>\nSo bin ich selber im Besitz von Objektiven, die \u00fcber eine Blende 1.8 verf\u00fcgen, was bei kritischen Lichtverh\u00e4ltnissen genial ist.<\/p>\n<p>Ich war letzten Samstag in der Zukunft das Konzert von Rocky Votolato und Icky Undressed fotografieren und da haben mich die Festbrennweiten wieder einmal gerettet.<\/p>\n<p>Die Bilder gibts hier:<br \/>\n<a href=\"https:\/\/www.notalike.ch\/pictures\/rockyvotolato_zukunft\/\" target=\"_blank\">https:\/\/www.notalike.ch\/pictures\/rockyvotolato_zukunft\/<\/a><br \/>\n<a href=\" https:\/\/www.notalike.ch\/pictures\/ickyundressed_zukunft\/\" target=\"_blank\"><br \/>\nhttps:\/\/www.notalike.ch\/pictures\/ickyundressed_zukunft\/<\/a><\/p>\n<p>Jedoch sind die Objektive mit gr\u00f6sserer Lichtst\u00e4rke oft viel teurer, aber es gibt gl\u00fccklicherweise von den meisten Herstellern &#8220;Einsteiger-Objektive&#8221; die g\u00fcnstig erh\u00e4tlich sind.<\/p>\n<p>z.B. bei <a href=\"https:\/\/de.canon.ch\/For_Home\/Product_Finder\/Cameras\/EF_Lenses\/Fixed_Focal_Length\/EF_50mm_f18II\/index.asp\" target=\"_blank\">Canon<\/a><\/p>\n<p>Alternativ gibt es auch immer mehr die M\u00f6glichkeit, solche Objektive zu mieten&#8230;<\/p>\n<p>So l\u00e4sst sich das einfach mal ausprobieren&#8230;<\/p>\n","protected":false},"excerpt":{"rendered":"<p>Ich bin selber im Besitz von mehreren Festbrennweiten-Objektiven. Das grossartige an der Arbeit mit diesen Objektiven ist, dass man auf eine Brennweite beschr\u00e4nkt ist. Das erscheint zuerst als grosse Einschr\u00e4nkung, er\u00f6ffnet aber nach der &#8220;Umstellung&#8221; einige Vorteile: Kein Zeitverlust mit Zoomen Oft ist die Qualit\u00e4t gegen\u00fcber Zooms viel besser Bewusstere Bildwahl Jedoch der gr\u00f6sste Vorteil [&hellip;]<\/p>\n","protected":false},"author":1,"featured_media":0,"comment_status":"open","ping_status":"open","sticky":false,"template":"","format":"standard","meta":{"footnotes":""},"categories":[3],"tags":[],"class_list":["post-133","post","type-post","status-publish","format-standard","hentry","category-fotografie"],"_links":{"self":[{"href":"https:\/\/kevinrechsteiner.com\/blog\/wp-json\/wp\/v2\/posts\/133","targetHints":{"allow":["GET"]}}],"collection":[{"href":"https:\/\/kevinrechsteiner.com\/blog\/wp-json\/wp\/v2\/posts"}],"about":[{"href":"https:\/\/kevinrechsteiner.com\/blog\/wp-json\/wp\/v2\/types\/post"}],"author":[{"embeddable":true,"href":"https:\/\/kevinrechsteiner.com\/blog\/wp-json\/wp\/v2\/users\/1"}],"replies":[{"embeddable":true,"href":"https:\/\/kevinrechsteiner.com\/blog\/wp-json\/wp\/v2\/comments?post=133"}],"version-history":[{"count":0,"href":"https:\/\/kevinrechsteiner.com\/blog\/wp-json\/wp\/v2\/posts\/133\/revisions"}],"wp:attachment":[{"href":"https:\/\/kevinrechsteiner.com\/blog\/wp-json\/wp\/v2\/media?parent=133"}],"wp:term":[{"taxonomy":"category","embeddable":true,"href":"https:\/\/kevinrechsteiner.com\/blog\/wp-json\/wp\/v2\/categories?post=133"},{"taxonomy":"post_tag","embeddable":true,"href":"https:\/\/kevinrechsteiner.com\/blog\/wp-json\/wp\/v2\/tags?post=133"}],"curies":[{"name":"wp","href":"https:\/\/api.w.org\/{rel}","templated":true}]}}