{"id":13524,"date":"2017-01-09T16:52:57","date_gmt":"2017-01-09T15:52:57","guid":{"rendered":"http:\/\/kevinrechsteiner.com\/blog\/?p=13524"},"modified":"2017-01-09T16:52:57","modified_gmt":"2017-01-09T15:52:57","slug":"franzi-skamet-teil-1-der-defekte-film","status":"publish","type":"post","link":"https:\/\/kevinrechsteiner.com\/blog\/2017\/01\/09\/franzi-skamet-teil-1-der-defekte-film\/","title":{"rendered":"Franzi Skamet &#8211; Teil 1 (der defekte Film)"},"content":{"rendered":"<p>Ich habe mich die letzten Jahre immer sehr zur\u00fcckgehalten meine Fotos zu ver\u00f6ffentlichen. Es geht den meisten Fotografen leider nur noch um Likes und nicht mehr um das Werk oder die Idee. Darum wollte ich viel mehr f\u00fcr mich fotografieren und es war mir dann auch gar nicht wichtig, diese Bilder zu zeigen. Als ich Franzi am November fotografiert habe, war f\u00fcr mich nicht klar, ob ich die Bilder mal ver\u00f6ffentlichen w\u00fcrde. F\u00fcr mich hatte die Begegnung nicht nur mit der Fotografie zu tun, sondern auch damit, dass ich Franzi pers\u00f6nlich kennen lernen wollte. Und weil das ganze vielleicht ein bisschen ein Neubeginn war, will ich nun diese und auch zuk\u00fcnftige Bilder wieder mehr zeigen.<br \/>\nIch wollte mit Franzi auf jeden Fall etwas neues probieren: Kein Moodboard, kein genauer Plan, keine genau Idee. Sondern einfach das machen, was uns gerade Lust macht. M\u00f6glichst ungestellt und nat\u00fcrlich. Ich wusste nicht genau, was dabei rauskommt, aber ich bin happy. Diese Serie wurde mit der <a href=\"https:\/\/kevinrechsteiner.com\/blog\/2015\/03\/01\/analoges-mittelformat-zum-mitnehmen\/\">Plaubel <\/a>gemacht. Leider war der Film defekt und man erkennt den KODAK-Schriftzug in den Bildern. Ich k\u00f6nnte das jetzt mit Photoshop wegretuschieren, will ich aber nicht.<\/p>\n<p><a href=\"https:\/\/kevinrechsteiner.com\/blog\/wp-content\/uploads\/2016\/12\/1366-400TMY-09.jpg\" rel=\"lightbox[13524]\"><img loading=\"lazy\" decoding=\"async\" class=\"alignnone size-large wp-image-13525\" src=\"https:\/\/kevinrechsteiner.com\/blog\/wp-content\/uploads\/2016\/12\/1366-400TMY-09-1000x838.jpg\" alt=\"\" width=\"960\" height=\"804\" srcset=\"https:\/\/kevinrechsteiner.com\/blog\/wp-content\/uploads\/2016\/12\/1366-400TMY-09-1000x838.jpg 1000w, https:\/\/kevinrechsteiner.com\/blog\/wp-content\/uploads\/2016\/12\/1366-400TMY-09-300x251.jpg 300w, https:\/\/kevinrechsteiner.com\/blog\/wp-content\/uploads\/2016\/12\/1366-400TMY-09-768x644.jpg 768w, https:\/\/kevinrechsteiner.com\/blog\/wp-content\/uploads\/2016\/12\/1366-400TMY-09-1194x1001.jpg 1194w, https:\/\/kevinrechsteiner.com\/blog\/wp-content\/uploads\/2016\/12\/1366-400TMY-09.jpg 1500w\" sizes=\"auto, (max-width: 960px) 100vw, 960px\" \/><\/a> <a href=\"https:\/\/kevinrechsteiner.com\/blog\/wp-content\/uploads\/2016\/12\/1366-400TMY-02.jpg\" rel=\"lightbox[13524]\"><img loading=\"lazy\" decoding=\"async\" class=\"alignnone size-large wp-image-13526\" src=\"https:\/\/kevinrechsteiner.com\/blog\/wp-content\/uploads\/2016\/12\/1366-400TMY-02-1000x838.jpg\" alt=\"\" width=\"960\" height=\"804\" srcset=\"https:\/\/kevinrechsteiner.com\/blog\/wp-content\/uploads\/2016\/12\/1366-400TMY-02-1000x838.jpg 1000w, https:\/\/kevinrechsteiner.com\/blog\/wp-content\/uploads\/2016\/12\/1366-400TMY-02-300x251.jpg 300w, https:\/\/kevinrechsteiner.com\/blog\/wp-content\/uploads\/2016\/12\/1366-400TMY-02-768x644.jpg 768w, https:\/\/kevinrechsteiner.com\/blog\/wp-content\/uploads\/2016\/12\/1366-400TMY-02-1194x1001.jpg 1194w, https:\/\/kevinrechsteiner.com\/blog\/wp-content\/uploads\/2016\/12\/1366-400TMY-02.jpg 1500w\" sizes=\"auto, (max-width: 960px) 100vw, 960px\" \/><\/a> <a href=\"https:\/\/kevinrechsteiner.com\/blog\/wp-content\/uploads\/2016\/12\/1366-400TMY-07.jpg\" rel=\"lightbox[13524]\"><img loading=\"lazy\" decoding=\"async\" class=\"alignnone size-large wp-image-13527\" src=\"https:\/\/kevinrechsteiner.com\/blog\/wp-content\/uploads\/2016\/12\/1366-400TMY-07-1000x838.jpg\" alt=\"\" width=\"960\" height=\"804\" srcset=\"https:\/\/kevinrechsteiner.com\/blog\/wp-content\/uploads\/2016\/12\/1366-400TMY-07-1000x838.jpg 1000w, https:\/\/kevinrechsteiner.com\/blog\/wp-content\/uploads\/2016\/12\/1366-400TMY-07-300x251.jpg 300w, https:\/\/kevinrechsteiner.com\/blog\/wp-content\/uploads\/2016\/12\/1366-400TMY-07-768x644.jpg 768w, https:\/\/kevinrechsteiner.com\/blog\/wp-content\/uploads\/2016\/12\/1366-400TMY-07-1194x1001.jpg 1194w, https:\/\/kevinrechsteiner.com\/blog\/wp-content\/uploads\/2016\/12\/1366-400TMY-07.jpg 1500w\" sizes=\"auto, (max-width: 960px) 100vw, 960px\" \/><\/a> <a href=\"https:\/\/kevinrechsteiner.com\/blog\/wp-content\/uploads\/2016\/12\/1366-400TMY-08.jpg\" rel=\"lightbox[13524]\"><img loading=\"lazy\" decoding=\"async\" class=\"alignnone size-large wp-image-13528\" src=\"https:\/\/kevinrechsteiner.com\/blog\/wp-content\/uploads\/2016\/12\/1366-400TMY-08-1000x838.jpg\" alt=\"\" width=\"960\" height=\"804\" srcset=\"https:\/\/kevinrechsteiner.com\/blog\/wp-content\/uploads\/2016\/12\/1366-400TMY-08-1000x838.jpg 1000w, https:\/\/kevinrechsteiner.com\/blog\/wp-content\/uploads\/2016\/12\/1366-400TMY-08-300x251.jpg 300w, https:\/\/kevinrechsteiner.com\/blog\/wp-content\/uploads\/2016\/12\/1366-400TMY-08-768x644.jpg 768w, https:\/\/kevinrechsteiner.com\/blog\/wp-content\/uploads\/2016\/12\/1366-400TMY-08-1194x1001.jpg 1194w, https:\/\/kevinrechsteiner.com\/blog\/wp-content\/uploads\/2016\/12\/1366-400TMY-08.jpg 1500w\" sizes=\"auto, (max-width: 960px) 100vw, 960px\" \/><\/a><\/p>\n","protected":false},"excerpt":{"rendered":"<p>Ich habe mich die letzten Jahre immer sehr zur\u00fcckgehalten meine Fotos zu ver\u00f6ffentlichen. Es geht den meisten Fotografen leider nur noch um Likes und nicht mehr um das Werk oder die Idee. Darum wollte ich viel mehr f\u00fcr mich fotografieren und es war mir dann auch gar nicht wichtig, diese Bilder zu zeigen. Als ich [&hellip;]<\/p>\n","protected":false},"author":1,"featured_media":0,"comment_status":"open","ping_status":"open","sticky":false,"template":"","format":"standard","meta":{"footnotes":""},"categories":[3],"tags":[260,216,800,877,494],"class_list":["post-13524","post","type-post","status-publish","format-standard","hentry","category-fotografie","tag-analog","tag-analogfotografie","tag-franzi-skamet","tag-kodak","tag-plaubel-makina"],"_links":{"self":[{"href":"https:\/\/kevinrechsteiner.com\/blog\/wp-json\/wp\/v2\/posts\/13524","targetHints":{"allow":["GET"]}}],"collection":[{"href":"https:\/\/kevinrechsteiner.com\/blog\/wp-json\/wp\/v2\/posts"}],"about":[{"href":"https:\/\/kevinrechsteiner.com\/blog\/wp-json\/wp\/v2\/types\/post"}],"author":[{"embeddable":true,"href":"https:\/\/kevinrechsteiner.com\/blog\/wp-json\/wp\/v2\/users\/1"}],"replies":[{"embeddable":true,"href":"https:\/\/kevinrechsteiner.com\/blog\/wp-json\/wp\/v2\/comments?post=13524"}],"version-history":[{"count":2,"href":"https:\/\/kevinrechsteiner.com\/blog\/wp-json\/wp\/v2\/posts\/13524\/revisions"}],"predecessor-version":[{"id":13625,"href":"https:\/\/kevinrechsteiner.com\/blog\/wp-json\/wp\/v2\/posts\/13524\/revisions\/13625"}],"wp:attachment":[{"href":"https:\/\/kevinrechsteiner.com\/blog\/wp-json\/wp\/v2\/media?parent=13524"}],"wp:term":[{"taxonomy":"category","embeddable":true,"href":"https:\/\/kevinrechsteiner.com\/blog\/wp-json\/wp\/v2\/categories?post=13524"},{"taxonomy":"post_tag","embeddable":true,"href":"https:\/\/kevinrechsteiner.com\/blog\/wp-json\/wp\/v2\/tags?post=13524"}],"curies":[{"name":"wp","href":"https:\/\/api.w.org\/{rel}","templated":true}]}}