{"id":15431,"date":"2018-02-08T15:02:30","date_gmt":"2018-02-08T14:02:30","guid":{"rendered":"http:\/\/kevinrechsteiner.com\/blog\/?p=15431"},"modified":"2018-02-08T15:03:55","modified_gmt":"2018-02-08T14:03:55","slug":"die-messer-von-thomas-lampert","status":"publish","type":"post","link":"https:\/\/kevinrechsteiner.com\/blog\/2018\/02\/08\/die-messer-von-thomas-lampert\/","title":{"rendered":"Die Messer von Thomas Lampert"},"content":{"rendered":"<p>Ich habe f\u00fcr mein Tiny House ein sch\u00f6nes K\u00fcchenmesser gesucht. F\u00fcndig wurde ich bei der Messerschmiede von Thomas Lampert. Er stellt seine Messer in Guarda (Graub\u00fcnden) her und hat auf seiner Homepage <a href=\"https:\/\/www.lampert-guarda.ch\/produkte\/messerschmiede\/\" target=\"_blank\" rel=\"noopener\">diverse Messer im Angebot<\/a>.<br \/>\nIch habe mir ein K\u00fcchenmesser und ein kleines Steakmesser ausgesucht und finde die Messer sehr passend f\u00fcr mein Tiny House! Mir gef\u00e4llt die etwas rohe Art der Messer sehr!<\/p>\n<p><a href=\"https:\/\/kevinrechsteiner.com\/blog\/wp-content\/uploads\/2018\/02\/IMG_4427.jpg\" rel=\"lightbox[15431]\"><img loading=\"lazy\" decoding=\"async\" class=\"alignnone size-full wp-image-15432\" src=\"https:\/\/kevinrechsteiner.com\/blog\/wp-content\/uploads\/2018\/02\/IMG_4427.jpg\" alt=\"\" width=\"2000\" height=\"1333\" srcset=\"https:\/\/kevinrechsteiner.com\/blog\/wp-content\/uploads\/2018\/02\/IMG_4427.jpg 2000w, https:\/\/kevinrechsteiner.com\/blog\/wp-content\/uploads\/2018\/02\/IMG_4427-300x200.jpg 300w, https:\/\/kevinrechsteiner.com\/blog\/wp-content\/uploads\/2018\/02\/IMG_4427-768x512.jpg 768w, https:\/\/kevinrechsteiner.com\/blog\/wp-content\/uploads\/2018\/02\/IMG_4427-1000x667.jpg 1000w, https:\/\/kevinrechsteiner.com\/blog\/wp-content\/uploads\/2018\/02\/IMG_4427-1194x796.jpg 1194w\" sizes=\"auto, (max-width: 2000px) 100vw, 2000px\" \/><\/a> <a href=\"https:\/\/kevinrechsteiner.com\/blog\/wp-content\/uploads\/2018\/02\/IMG_4428.jpg\" rel=\"lightbox[15431]\"><img loading=\"lazy\" decoding=\"async\" class=\"alignnone size-full wp-image-15433\" src=\"https:\/\/kevinrechsteiner.com\/blog\/wp-content\/uploads\/2018\/02\/IMG_4428.jpg\" alt=\"\" width=\"2000\" height=\"1333\" srcset=\"https:\/\/kevinrechsteiner.com\/blog\/wp-content\/uploads\/2018\/02\/IMG_4428.jpg 2000w, https:\/\/kevinrechsteiner.com\/blog\/wp-content\/uploads\/2018\/02\/IMG_4428-300x200.jpg 300w, https:\/\/kevinrechsteiner.com\/blog\/wp-content\/uploads\/2018\/02\/IMG_4428-768x512.jpg 768w, https:\/\/kevinrechsteiner.com\/blog\/wp-content\/uploads\/2018\/02\/IMG_4428-1000x667.jpg 1000w, https:\/\/kevinrechsteiner.com\/blog\/wp-content\/uploads\/2018\/02\/IMG_4428-1194x796.jpg 1194w\" sizes=\"auto, (max-width: 2000px) 100vw, 2000px\" \/><\/a> <a href=\"https:\/\/kevinrechsteiner.com\/blog\/wp-content\/uploads\/2018\/02\/IMG_4431.jpg\" rel=\"lightbox[15431]\"><img loading=\"lazy\" decoding=\"async\" class=\"alignnone size-full wp-image-15434\" src=\"https:\/\/kevinrechsteiner.com\/blog\/wp-content\/uploads\/2018\/02\/IMG_4431.jpg\" alt=\"\" width=\"2000\" height=\"1333\" srcset=\"https:\/\/kevinrechsteiner.com\/blog\/wp-content\/uploads\/2018\/02\/IMG_4431.jpg 2000w, https:\/\/kevinrechsteiner.com\/blog\/wp-content\/uploads\/2018\/02\/IMG_4431-300x200.jpg 300w, https:\/\/kevinrechsteiner.com\/blog\/wp-content\/uploads\/2018\/02\/IMG_4431-768x512.jpg 768w, https:\/\/kevinrechsteiner.com\/blog\/wp-content\/uploads\/2018\/02\/IMG_4431-1000x667.jpg 1000w, https:\/\/kevinrechsteiner.com\/blog\/wp-content\/uploads\/2018\/02\/IMG_4431-1194x796.jpg 1194w\" sizes=\"auto, (max-width: 2000px) 100vw, 2000px\" \/><\/a> <a href=\"https:\/\/kevinrechsteiner.com\/blog\/wp-content\/uploads\/2018\/02\/IMG_4434.jpg\" rel=\"lightbox[15431]\"><img loading=\"lazy\" decoding=\"async\" class=\"alignnone size-full wp-image-15435\" src=\"https:\/\/kevinrechsteiner.com\/blog\/wp-content\/uploads\/2018\/02\/IMG_4434.jpg\" alt=\"\" width=\"1333\" height=\"2000\" srcset=\"https:\/\/kevinrechsteiner.com\/blog\/wp-content\/uploads\/2018\/02\/IMG_4434.jpg 1333w, https:\/\/kevinrechsteiner.com\/blog\/wp-content\/uploads\/2018\/02\/IMG_4434-200x300.jpg 200w, https:\/\/kevinrechsteiner.com\/blog\/wp-content\/uploads\/2018\/02\/IMG_4434-768x1152.jpg 768w, https:\/\/kevinrechsteiner.com\/blog\/wp-content\/uploads\/2018\/02\/IMG_4434-667x1000.jpg 667w, https:\/\/kevinrechsteiner.com\/blog\/wp-content\/uploads\/2018\/02\/IMG_4434-1194x1791.jpg 1194w\" sizes=\"auto, (max-width: 1333px) 100vw, 1333px\" \/><\/a> <a href=\"https:\/\/kevinrechsteiner.com\/blog\/wp-content\/uploads\/2018\/02\/IMG_4435.jpg\" rel=\"lightbox[15431]\"><img loading=\"lazy\" decoding=\"async\" class=\"alignnone size-full wp-image-15436\" src=\"https:\/\/kevinrechsteiner.com\/blog\/wp-content\/uploads\/2018\/02\/IMG_4435.jpg\" alt=\"\" width=\"2000\" height=\"1333\" srcset=\"https:\/\/kevinrechsteiner.com\/blog\/wp-content\/uploads\/2018\/02\/IMG_4435.jpg 2000w, https:\/\/kevinrechsteiner.com\/blog\/wp-content\/uploads\/2018\/02\/IMG_4435-300x200.jpg 300w, https:\/\/kevinrechsteiner.com\/blog\/wp-content\/uploads\/2018\/02\/IMG_4435-768x512.jpg 768w, https:\/\/kevinrechsteiner.com\/blog\/wp-content\/uploads\/2018\/02\/IMG_4435-1000x667.jpg 1000w, https:\/\/kevinrechsteiner.com\/blog\/wp-content\/uploads\/2018\/02\/IMG_4435-1194x796.jpg 1194w\" sizes=\"auto, (max-width: 2000px) 100vw, 2000px\" \/><\/a><\/p>\n","protected":false},"excerpt":{"rendered":"<p>Ich habe f\u00fcr mein Tiny House ein sch\u00f6nes K\u00fcchenmesser gesucht. F\u00fcndig wurde ich bei der Messerschmiede von Thomas Lampert. Er stellt seine Messer in Guarda (Graub\u00fcnden) her und hat auf seiner Homepage diverse Messer im Angebot. Ich habe mir ein K\u00fcchenmesser und ein kleines Steakmesser ausgesucht und finde die Messer sehr passend f\u00fcr mein Tiny [&hellip;]<\/p>\n","protected":false},"author":1,"featured_media":0,"comment_status":"open","ping_status":"open","sticky":false,"template":"","format":"standard","meta":{"footnotes":""},"categories":[17],"tags":[259,988],"class_list":["post-15431","post","type-post","status-publish","format-standard","hentry","category-eatdrink","tag-kochen","tag-messer"],"_links":{"self":[{"href":"https:\/\/kevinrechsteiner.com\/blog\/wp-json\/wp\/v2\/posts\/15431","targetHints":{"allow":["GET"]}}],"collection":[{"href":"https:\/\/kevinrechsteiner.com\/blog\/wp-json\/wp\/v2\/posts"}],"about":[{"href":"https:\/\/kevinrechsteiner.com\/blog\/wp-json\/wp\/v2\/types\/post"}],"author":[{"embeddable":true,"href":"https:\/\/kevinrechsteiner.com\/blog\/wp-json\/wp\/v2\/users\/1"}],"replies":[{"embeddable":true,"href":"https:\/\/kevinrechsteiner.com\/blog\/wp-json\/wp\/v2\/comments?post=15431"}],"version-history":[{"count":3,"href":"https:\/\/kevinrechsteiner.com\/blog\/wp-json\/wp\/v2\/posts\/15431\/revisions"}],"predecessor-version":[{"id":15458,"href":"https:\/\/kevinrechsteiner.com\/blog\/wp-json\/wp\/v2\/posts\/15431\/revisions\/15458"}],"wp:attachment":[{"href":"https:\/\/kevinrechsteiner.com\/blog\/wp-json\/wp\/v2\/media?parent=15431"}],"wp:term":[{"taxonomy":"category","embeddable":true,"href":"https:\/\/kevinrechsteiner.com\/blog\/wp-json\/wp\/v2\/categories?post=15431"},{"taxonomy":"post_tag","embeddable":true,"href":"https:\/\/kevinrechsteiner.com\/blog\/wp-json\/wp\/v2\/tags?post=15431"}],"curies":[{"name":"wp","href":"https:\/\/api.w.org\/{rel}","templated":true}]}}