{"id":15897,"date":"2018-05-25T09:28:33","date_gmt":"2018-05-25T07:28:33","guid":{"rendered":"http:\/\/kevinrechsteiner.com\/blog\/?p=15897"},"modified":"2018-05-25T09:36:49","modified_gmt":"2018-05-25T07:36:49","slug":"unserwegzurreligion","status":"publish","type":"post","link":"https:\/\/kevinrechsteiner.com\/blog\/2018\/05\/25\/unserwegzurreligion\/","title":{"rendered":"Podcast: Unser Weg zur Religion"},"content":{"rendered":"<p><img loading=\"lazy\" decoding=\"async\" class=\"alignleft wp-image-15300 size-medium\" src=\"https:\/\/kevinrechsteiner.com\/blog\/wp-content\/uploads\/2018\/01\/wersglaubt_001-mp3-image-300x300.jpg\" alt=\"\" width=\"300\" height=\"300\" srcset=\"https:\/\/kevinrechsteiner.com\/blog\/wp-content\/uploads\/2018\/01\/wersglaubt_001-mp3-image-300x300.jpg 300w, https:\/\/kevinrechsteiner.com\/blog\/wp-content\/uploads\/2018\/01\/wersglaubt_001-mp3-image-150x150.jpg 150w, https:\/\/kevinrechsteiner.com\/blog\/wp-content\/uploads\/2018\/01\/wersglaubt_001-mp3-image-768x768.jpg 768w, https:\/\/kevinrechsteiner.com\/blog\/wp-content\/uploads\/2018\/01\/wersglaubt_001-mp3-image-1000x1000.jpg 1000w, https:\/\/kevinrechsteiner.com\/blog\/wp-content\/uploads\/2018\/01\/wersglaubt_001-mp3-image-1194x1194.jpg 1194w\" sizes=\"auto, (max-width: 300px) 100vw, 300px\" \/>Es ist eine Weile her, seit der letzten Folge. Nun ist es aber soweit: Ich spreche mit Christian \u00fcber meinen aktuellen Prozess mit der Religion und auch Christian erz\u00e4hlt, wie er zur Religion gefunden hat. Ein Gespr\u00e4ch \u00fcbers Bibel lesen, komische Blicke und den Weg zum Glauben.<br \/>\nAnh\u00f6ren kann man das Gespr\u00e4ch auf <a href=\"https:\/\/wersglaubt.audio\" target=\"_blank\" rel=\"noopener\">wersglaubt.audio<\/a> oder gleich hier:<\/p>\n<p>&nbsp;<\/p>\n<p><iframe loading=\"lazy\" src=\"https:\/\/wersglaubt.audio\/wp-content\/plugins\/podlove-podcasting-plugin-for-wordpress\/lib\/modules\/podlove_web_player\/player_v4\/dist\/share.html?episode=https:\/\/wersglaubt.audio\/?podlove_player4=21\" width=\"600\" height=\"290\" frameborder=\"0\" scrolling=\"no\"><\/iframe><\/p>\n","protected":false},"excerpt":{"rendered":"<p>Es ist eine Weile her, seit der letzten Folge. Nun ist es aber soweit: Ich spreche mit Christian \u00fcber meinen aktuellen Prozess mit der Religion und auch Christian erz\u00e4hlt, wie er zur Religion gefunden hat. Ein Gespr\u00e4ch \u00fcbers Bibel lesen, komische Blicke und den Weg zum Glauben. Anh\u00f6ren kann man das Gespr\u00e4ch auf wersglaubt.audio oder [&hellip;]<\/p>\n","protected":false},"author":1,"featured_media":0,"comment_status":"open","ping_status":"open","sticky":false,"template":"","format":"standard","meta":{"footnotes":""},"categories":[939],"tags":[607,973],"class_list":["post-15897","post","type-post","status-publish","format-standard","hentry","category-podcast","tag-podcast","tag-wers-glaubt"],"_links":{"self":[{"href":"https:\/\/kevinrechsteiner.com\/blog\/wp-json\/wp\/v2\/posts\/15897","targetHints":{"allow":["GET"]}}],"collection":[{"href":"https:\/\/kevinrechsteiner.com\/blog\/wp-json\/wp\/v2\/posts"}],"about":[{"href":"https:\/\/kevinrechsteiner.com\/blog\/wp-json\/wp\/v2\/types\/post"}],"author":[{"embeddable":true,"href":"https:\/\/kevinrechsteiner.com\/blog\/wp-json\/wp\/v2\/users\/1"}],"replies":[{"embeddable":true,"href":"https:\/\/kevinrechsteiner.com\/blog\/wp-json\/wp\/v2\/comments?post=15897"}],"version-history":[{"count":2,"href":"https:\/\/kevinrechsteiner.com\/blog\/wp-json\/wp\/v2\/posts\/15897\/revisions"}],"predecessor-version":[{"id":15899,"href":"https:\/\/kevinrechsteiner.com\/blog\/wp-json\/wp\/v2\/posts\/15897\/revisions\/15899"}],"wp:attachment":[{"href":"https:\/\/kevinrechsteiner.com\/blog\/wp-json\/wp\/v2\/media?parent=15897"}],"wp:term":[{"taxonomy":"category","embeddable":true,"href":"https:\/\/kevinrechsteiner.com\/blog\/wp-json\/wp\/v2\/categories?post=15897"},{"taxonomy":"post_tag","embeddable":true,"href":"https:\/\/kevinrechsteiner.com\/blog\/wp-json\/wp\/v2\/tags?post=15897"}],"curies":[{"name":"wp","href":"https:\/\/api.w.org\/{rel}","templated":true}]}}