{"id":16123,"date":"2018-08-01T13:49:47","date_gmt":"2018-08-01T11:49:47","guid":{"rendered":"http:\/\/kevinrechsteiner.com\/blog\/?p=16123"},"modified":"2018-08-01T13:50:58","modified_gmt":"2018-08-01T11:50:58","slug":"podcast-ueber-ecuador-geplatzte-reifen-und-die-offene-zukunft","status":"publish","type":"post","link":"https:\/\/kevinrechsteiner.com\/blog\/2018\/08\/01\/podcast-ueber-ecuador-geplatzte-reifen-und-die-offene-zukunft\/","title":{"rendered":"Podcast \u00fcber Ecuador, geplatzte Reifen und die offene Zukunft"},"content":{"rendered":"<p><img loading=\"lazy\" decoding=\"async\" class=\"alignleft size-medium wp-image-16122\" src=\"https:\/\/kevinrechsteiner.com\/blog\/wp-content\/uploads\/2018\/07\/folge18-300x300.jpg\" alt=\"\" width=\"300\" height=\"300\" srcset=\"https:\/\/kevinrechsteiner.com\/blog\/wp-content\/uploads\/2018\/07\/folge18-300x300.jpg 300w, https:\/\/kevinrechsteiner.com\/blog\/wp-content\/uploads\/2018\/07\/folge18-150x150.jpg 150w, https:\/\/kevinrechsteiner.com\/blog\/wp-content\/uploads\/2018\/07\/folge18-768x768.jpg 768w, https:\/\/kevinrechsteiner.com\/blog\/wp-content\/uploads\/2018\/07\/folge18-1000x1000.jpg 1000w, https:\/\/kevinrechsteiner.com\/blog\/wp-content\/uploads\/2018\/07\/folge18-1194x1194.jpg 1194w\" sizes=\"auto, (max-width: 300px) 100vw, 300px\" \/>Dani und Kevin treffen sich wiedermal beim Tiny House in Buchberg. Kevin spricht davon wie sehr in Ecuador gepr\u00e4gt hat und Dani kennt diese Momente bei geplatzten Reifen. Wir sprechen \u00fcber Ecuador, Pl\u00e4ne und die Ver\u00e4nderung in der Zukunft.<\/p>\n<p>&nbsp;<\/p>\n<p><a href=\"https:\/\/bean.audio\">Hier anh\u00f6ren<\/a> oder gleich unten&#8230;<\/p>\n<p>&nbsp;<\/p>\n<p><iframe loading=\"lazy\" tabindex=\"0\" title=\"Podlove Web Player: Where have you bean? - Folge 18 Podcast \u00fcber Ecuador, geplatzte Reifen und die offene Zukunft\" src=\"https:\/\/bean.audio\/wp-content\/plugins\/podlove-podcasting-plugin-for-wordpress\/lib\/modules\/podlove_web_player\/player_v4\/dist\/share.html?episode=https:\/\/bean.audio\/?podlove_player4=68\" width=\"600\" height=\"290\" frameborder=\"0\" scrolling=\"no\"><\/iframe><\/p>\n","protected":false},"excerpt":{"rendered":"<p>Dani und Kevin treffen sich wiedermal beim Tiny House in Buchberg. Kevin spricht davon wie sehr in Ecuador gepr\u00e4gt hat und Dani kennt diese Momente bei geplatzten Reifen. Wir sprechen \u00fcber Ecuador, Pl\u00e4ne und die Ver\u00e4nderung in der Zukunft. &nbsp; Hier anh\u00f6ren oder gleich unten&#8230; &nbsp;<\/p>\n","protected":false},"author":1,"featured_media":0,"comment_status":"open","ping_status":"open","sticky":false,"template":"","format":"standard","meta":{"footnotes":""},"categories":[939],"tags":[748,607,940],"class_list":["post-16123","post","type-post","status-publish","format-standard","hentry","category-podcast","tag-daniel-hofstetter","tag-podcast","tag-where-have-you-bean"],"_links":{"self":[{"href":"https:\/\/kevinrechsteiner.com\/blog\/wp-json\/wp\/v2\/posts\/16123","targetHints":{"allow":["GET"]}}],"collection":[{"href":"https:\/\/kevinrechsteiner.com\/blog\/wp-json\/wp\/v2\/posts"}],"about":[{"href":"https:\/\/kevinrechsteiner.com\/blog\/wp-json\/wp\/v2\/types\/post"}],"author":[{"embeddable":true,"href":"https:\/\/kevinrechsteiner.com\/blog\/wp-json\/wp\/v2\/users\/1"}],"replies":[{"embeddable":true,"href":"https:\/\/kevinrechsteiner.com\/blog\/wp-json\/wp\/v2\/comments?post=16123"}],"version-history":[{"count":4,"href":"https:\/\/kevinrechsteiner.com\/blog\/wp-json\/wp\/v2\/posts\/16123\/revisions"}],"predecessor-version":[{"id":16127,"href":"https:\/\/kevinrechsteiner.com\/blog\/wp-json\/wp\/v2\/posts\/16123\/revisions\/16127"}],"wp:attachment":[{"href":"https:\/\/kevinrechsteiner.com\/blog\/wp-json\/wp\/v2\/media?parent=16123"}],"wp:term":[{"taxonomy":"category","embeddable":true,"href":"https:\/\/kevinrechsteiner.com\/blog\/wp-json\/wp\/v2\/categories?post=16123"},{"taxonomy":"post_tag","embeddable":true,"href":"https:\/\/kevinrechsteiner.com\/blog\/wp-json\/wp\/v2\/tags?post=16123"}],"curies":[{"name":"wp","href":"https:\/\/api.w.org\/{rel}","templated":true}]}}