{"id":16347,"date":"2018-09-17T13:58:56","date_gmt":"2018-09-17T11:58:56","guid":{"rendered":"http:\/\/kevinrechsteiner.com\/blog\/?p=16347"},"modified":"2018-09-17T13:58:56","modified_gmt":"2018-09-17T11:58:56","slug":"ein-vordach-fuers-tiny-house","status":"publish","type":"post","link":"https:\/\/kevinrechsteiner.com\/blog\/2018\/09\/17\/ein-vordach-fuers-tiny-house\/","title":{"rendered":"Ein Vordach f\u00fcrs Tiny House"},"content":{"rendered":"<p>Ich hab lang nach einer L\u00f6sung f\u00fcr mein Tiny House-Vordach gesucht. Das Buchgestell-Vordach habe ich ja <a href=\"https:\/\/www.youtube.com\/watch?v=-MlZiubdKZI\" target=\"_blank\" rel=\"noopener\">vor kurzem abmontiert<\/a> und jetzt habe ich die perfekte L\u00f6sung gefunden.<\/p>\n<p>Mit dieser Vorrichtung w\u00e4re das Vordach beim Transport demontierbar und es sieht auch noch h\u00fcbsch aus. So etwas mache ich oder zumindest so \u00e4hnlich&#8230;<\/p>\n<p><a href=\"https:\/\/kevinrechsteiner.com\/blog\/wp-content\/uploads\/2018\/09\/vordach.jpg\" rel=\"lightbox[16347]\"><img loading=\"lazy\" decoding=\"async\" class=\"alignleft size-large wp-image-16348\" src=\"https:\/\/kevinrechsteiner.com\/blog\/wp-content\/uploads\/2018\/09\/vordach-750x1000.jpg\" alt=\"\" width=\"750\" height=\"1000\" srcset=\"https:\/\/kevinrechsteiner.com\/blog\/wp-content\/uploads\/2018\/09\/vordach-750x1000.jpg 750w, https:\/\/kevinrechsteiner.com\/blog\/wp-content\/uploads\/2018\/09\/vordach-225x300.jpg 225w, https:\/\/kevinrechsteiner.com\/blog\/wp-content\/uploads\/2018\/09\/vordach-768x1024.jpg 768w, https:\/\/kevinrechsteiner.com\/blog\/wp-content\/uploads\/2018\/09\/vordach-1194x1592.jpg 1194w, https:\/\/kevinrechsteiner.com\/blog\/wp-content\/uploads\/2018\/09\/vordach.jpg 1500w\" sizes=\"auto, (max-width: 750px) 100vw, 750px\" \/><\/a><\/p>\n","protected":false},"excerpt":{"rendered":"<p>Ich hab lang nach einer L\u00f6sung f\u00fcr mein Tiny House-Vordach gesucht. Das Buchgestell-Vordach habe ich ja vor kurzem abmontiert und jetzt habe ich die perfekte L\u00f6sung gefunden. Mit dieser Vorrichtung w\u00e4re das Vordach beim Transport demontierbar und es sieht auch noch h\u00fcbsch aus. So etwas mache ich oder zumindest so \u00e4hnlich&#8230;<\/p>\n","protected":false},"author":1,"featured_media":0,"comment_status":"open","ping_status":"open","sticky":false,"template":"","format":"standard","meta":{"footnotes":""},"categories":[699],"tags":[562,716,1038],"class_list":["post-16347","post","type-post","status-publish","format-standard","hentry","category-tiny-house","tag-tiny-house","tag-tiny-house-blog","tag-vordach"],"_links":{"self":[{"href":"https:\/\/kevinrechsteiner.com\/blog\/wp-json\/wp\/v2\/posts\/16347","targetHints":{"allow":["GET"]}}],"collection":[{"href":"https:\/\/kevinrechsteiner.com\/blog\/wp-json\/wp\/v2\/posts"}],"about":[{"href":"https:\/\/kevinrechsteiner.com\/blog\/wp-json\/wp\/v2\/types\/post"}],"author":[{"embeddable":true,"href":"https:\/\/kevinrechsteiner.com\/blog\/wp-json\/wp\/v2\/users\/1"}],"replies":[{"embeddable":true,"href":"https:\/\/kevinrechsteiner.com\/blog\/wp-json\/wp\/v2\/comments?post=16347"}],"version-history":[{"count":1,"href":"https:\/\/kevinrechsteiner.com\/blog\/wp-json\/wp\/v2\/posts\/16347\/revisions"}],"predecessor-version":[{"id":16349,"href":"https:\/\/kevinrechsteiner.com\/blog\/wp-json\/wp\/v2\/posts\/16347\/revisions\/16349"}],"wp:attachment":[{"href":"https:\/\/kevinrechsteiner.com\/blog\/wp-json\/wp\/v2\/media?parent=16347"}],"wp:term":[{"taxonomy":"category","embeddable":true,"href":"https:\/\/kevinrechsteiner.com\/blog\/wp-json\/wp\/v2\/categories?post=16347"},{"taxonomy":"post_tag","embeddable":true,"href":"https:\/\/kevinrechsteiner.com\/blog\/wp-json\/wp\/v2\/tags?post=16347"}],"curies":[{"name":"wp","href":"https:\/\/api.w.org\/{rel}","templated":true}]}}