{"id":16477,"date":"2018-10-12T08:40:38","date_gmt":"2018-10-12T06:40:38","guid":{"rendered":"http:\/\/kevinrechsteiner.com\/blog\/?p=16477"},"modified":"2018-10-12T08:41:13","modified_gmt":"2018-10-12T06:41:13","slug":"podcast-mit-whatsapp-griechenland-und-dem-neuen-velo","status":"publish","type":"post","link":"https:\/\/kevinrechsteiner.com\/blog\/2018\/10\/12\/podcast-mit-whatsapp-griechenland-und-dem-neuen-velo\/","title":{"rendered":"Podcast mit Whatsapp, Griechenland und dem neuen Velo!"},"content":{"rendered":"<p><a href=\"https:\/\/kevinrechsteiner.com\/blog\/wp-content\/uploads\/2018\/10\/folge21.jpg\" rel=\"lightbox[16477]\"><img loading=\"lazy\" decoding=\"async\" class=\"alignleft size-medium wp-image-16478\" src=\"https:\/\/kevinrechsteiner.com\/blog\/wp-content\/uploads\/2018\/10\/folge21-300x300.jpg\" alt=\"\" width=\"300\" height=\"300\" srcset=\"https:\/\/kevinrechsteiner.com\/blog\/wp-content\/uploads\/2018\/10\/folge21-300x300.jpg 300w, https:\/\/kevinrechsteiner.com\/blog\/wp-content\/uploads\/2018\/10\/folge21-150x150.jpg 150w, https:\/\/kevinrechsteiner.com\/blog\/wp-content\/uploads\/2018\/10\/folge21-768x768.jpg 768w, https:\/\/kevinrechsteiner.com\/blog\/wp-content\/uploads\/2018\/10\/folge21-1000x1000.jpg 1000w, https:\/\/kevinrechsteiner.com\/blog\/wp-content\/uploads\/2018\/10\/folge21-1194x1194.jpg 1194w\" sizes=\"auto, (max-width: 300px) 100vw, 300px\" \/><\/a>Wir haben es leider nicht pers\u00f6nlich geschafft. Aber es gibt einen Podcast mit Whatsapp-Nachrichten. Mal was anderes. Wir sprechen \u00fcber Ferien, Brewerscup und das neue Velo.<\/p>\n<p><a href=\"https:\/\/bean.audio\/\" target=\"_blank\" rel=\"noopener\">Zur Folge<\/a> oder gleich hier anh\u00f6ren.<\/p>\n<p>&nbsp;<\/p>\n<p>&nbsp;<\/p>\n<p>&nbsp;<\/p>\n<p><iframe loading=\"lazy\" tabindex=\"0\" title=\"Podlove Web Player: Where have you bean? - Folge 21 mit Whatsapp, Griechenland und dem neuen Velo!\" src=\"https:\/\/bean.audio\/wp-content\/plugins\/podlove-podcasting-plugin-for-wordpress\/lib\/modules\/podlove_web_player\/player_v4\/dist\/share.html?episode=https:\/\/bean.audio\/?podlove_player4=76\" width=\"600\" height=\"290\" frameborder=\"0\" scrolling=\"no\"><\/iframe><\/p>\n","protected":false},"excerpt":{"rendered":"<p>Wir haben es leider nicht pers\u00f6nlich geschafft. Aber es gibt einen Podcast mit Whatsapp-Nachrichten. Mal was anderes. Wir sprechen \u00fcber Ferien, Brewerscup und das neue Velo. Zur Folge oder gleich hier anh\u00f6ren. &nbsp; &nbsp; &nbsp;<\/p>\n","protected":false},"author":1,"featured_media":0,"comment_status":"open","ping_status":"open","sticky":false,"template":"","format":"standard","meta":{"footnotes":""},"categories":[939],"tags":[748,607,940],"class_list":["post-16477","post","type-post","status-publish","format-standard","hentry","category-podcast","tag-daniel-hofstetter","tag-podcast","tag-where-have-you-bean"],"_links":{"self":[{"href":"https:\/\/kevinrechsteiner.com\/blog\/wp-json\/wp\/v2\/posts\/16477","targetHints":{"allow":["GET"]}}],"collection":[{"href":"https:\/\/kevinrechsteiner.com\/blog\/wp-json\/wp\/v2\/posts"}],"about":[{"href":"https:\/\/kevinrechsteiner.com\/blog\/wp-json\/wp\/v2\/types\/post"}],"author":[{"embeddable":true,"href":"https:\/\/kevinrechsteiner.com\/blog\/wp-json\/wp\/v2\/users\/1"}],"replies":[{"embeddable":true,"href":"https:\/\/kevinrechsteiner.com\/blog\/wp-json\/wp\/v2\/comments?post=16477"}],"version-history":[{"count":3,"href":"https:\/\/kevinrechsteiner.com\/blog\/wp-json\/wp\/v2\/posts\/16477\/revisions"}],"predecessor-version":[{"id":16481,"href":"https:\/\/kevinrechsteiner.com\/blog\/wp-json\/wp\/v2\/posts\/16477\/revisions\/16481"}],"wp:attachment":[{"href":"https:\/\/kevinrechsteiner.com\/blog\/wp-json\/wp\/v2\/media?parent=16477"}],"wp:term":[{"taxonomy":"category","embeddable":true,"href":"https:\/\/kevinrechsteiner.com\/blog\/wp-json\/wp\/v2\/categories?post=16477"},{"taxonomy":"post_tag","embeddable":true,"href":"https:\/\/kevinrechsteiner.com\/blog\/wp-json\/wp\/v2\/tags?post=16477"}],"curies":[{"name":"wp","href":"https:\/\/api.w.org\/{rel}","templated":true}]}}