{"id":16530,"date":"2018-10-25T08:12:35","date_gmt":"2018-10-25T06:12:35","guid":{"rendered":"http:\/\/kevinrechsteiner.com\/blog\/?p=16530"},"modified":"2018-10-25T08:12:46","modified_gmt":"2018-10-25T06:12:46","slug":"was-war-was-ist-was-wird","status":"publish","type":"post","link":"https:\/\/kevinrechsteiner.com\/blog\/2018\/10\/25\/was-war-was-ist-was-wird\/","title":{"rendered":"Was war, was ist, was wird"},"content":{"rendered":"<p>Ich war in den letzten Wochen viel weg, was mir aber sowohl gesundheitlich, als auch gedanklich extrem gut getan hat. Ich merke, das ganze erste halbe Jahr schwingt immer noch mit und obwohl es mir immer besser geht, bin ich noch nicht dort, wo ich vor einem Jahr war. Ich jammere nicht, ich habs \u00fcberstanden &#8211; es geht mir gut.<\/p>\n<p>Die Zeit in Griechenland hat mir Gelegenheit gegeben nochmals abzuschalten, ich war aber da noch ein bisschen blockiert neue Texte zu schreiben, Videos zu machen oder besonders viel zu Fotografieren. Ich habe die Zeit da genossen und konnte meine Sachen sortieren.<\/p>\n<p>W\u00e4hrend den paar Tagen in Island konnte ich dann ein paar kleine Projekte angehen, wie z.B. den Instagram-Konzept-Kanal. Aber ich habe auch viel gelesen, mich <a href=\"https:\/\/kevinrechsteiner.com\/blog\/2018\/10\/11\/schmuck-selber-giessen\/\">\u00fcbers Schmuck machen<\/a> informiert und mit vielen Leuten <a href=\"https:\/\/onrecord.audio\" target=\"_blank\" rel=\"noopener\">f\u00fcr meinen neuen Podcast<\/a> Kontakt aufgenommen. Unter anderem werde ich demn\u00e4chst Rolf Lyssy interviewen. Er ist der Regisseur von Filmen wie &#8220;Die Schweizermacher&#8221; oder dem k\u00fcrzlich erschienen &#8220;Die letzte Pointe&#8221;.<\/p>\n<p>Rolf ist 1998 an einer Depression &#8220;erkrankt&#8221; und hat diese Erlebnisse im Buch &#8220;Swiss Paradise&#8221; verarbeitet. Ich habe das Buch vor einigen Jahren (ca. 2006) mal gelesen, aber durch meine Erfahrungen in diesem Jahr ging mir das Buch besonders Nahe. Er beschreibt die Situation extrem genau und ich wusste pl\u00f6tzlich wieder, wie sich das alles angef\u00fchlt hatte. Spannend ist auch bei ihm, die Depression war pl\u00f6tzlich weg. Es passiert nichts bestimmtes, es ist pl\u00f6tzlich vorbei.<\/p>\n<p>In den letzten Tagen habe ich viel geschrieben, vieles f\u00fcr mich, dass ich auch nicht ver\u00f6ffentlichen werde und das hat mir gut getan. Allgemein habe ich in den letzten Tagen ganz viel neues probiert mit Videos und Fotos und Bildbearbeitung und Zeichnen und Basteln, aber das ist noch mehr f\u00fcr mich.<\/p>\n<p>Ich merke aber, dass sich mein Kopf beruhigt hat. Ich habe immer noch viele Ideen und Projekte. Vieles m\u00f6chte ich machen und jeden Tag kommen wieder zehn neue Dinge dazu. Ich bin aber nicht unter Druck. Ich habe nicht das Gef\u00fchl, dass ich etwas verpasse, wenn ich es nicht mache. Das tut gut.<\/p>\n<p>Auch die Konzentration ist wieder da. Ich kann mich l\u00e4nger auf etwas konzentrieren, l\u00e4nger am selben Projekt arbeiten. Ich lasse mich nicht mehr so schnell ablenken und bin allgemein mehr &#8220;bei mir&#8221;.<\/p>\n<p>Ich empfinde im Moment immer wieder eine grosse Dankbarkeit. Dankbarkeit all den Leuten gegen\u00fcber, die diese Zeit mit mir durchgestanden haben. Unseren Kunden, meinen Freunden, Familie. Es kommt alles zur\u00fcck. Ich weiss noch nicht wie und wann &#8211; aber ich weiss es!<\/p>\n","protected":false},"excerpt":{"rendered":"<p>Ich war in den letzten Wochen viel weg, was mir aber sowohl gesundheitlich, als auch gedanklich extrem gut getan hat. Ich merke, das ganze erste halbe Jahr schwingt immer noch mit und obwohl es mir immer besser geht, bin ich noch nicht dort, wo ich vor einem Jahr war. Ich jammere nicht, ich habs \u00fcberstanden [&hellip;]<\/p>\n","protected":false},"author":1,"featured_media":16531,"comment_status":"open","ping_status":"open","sticky":false,"template":"","format":"standard","meta":{"footnotes":""},"categories":[6],"tags":[],"class_list":["post-16530","post","type-post","status-publish","format-standard","has-post-thumbnail","hentry","category-leben"],"_links":{"self":[{"href":"https:\/\/kevinrechsteiner.com\/blog\/wp-json\/wp\/v2\/posts\/16530","targetHints":{"allow":["GET"]}}],"collection":[{"href":"https:\/\/kevinrechsteiner.com\/blog\/wp-json\/wp\/v2\/posts"}],"about":[{"href":"https:\/\/kevinrechsteiner.com\/blog\/wp-json\/wp\/v2\/types\/post"}],"author":[{"embeddable":true,"href":"https:\/\/kevinrechsteiner.com\/blog\/wp-json\/wp\/v2\/users\/1"}],"replies":[{"embeddable":true,"href":"https:\/\/kevinrechsteiner.com\/blog\/wp-json\/wp\/v2\/comments?post=16530"}],"version-history":[{"count":1,"href":"https:\/\/kevinrechsteiner.com\/blog\/wp-json\/wp\/v2\/posts\/16530\/revisions"}],"predecessor-version":[{"id":16532,"href":"https:\/\/kevinrechsteiner.com\/blog\/wp-json\/wp\/v2\/posts\/16530\/revisions\/16532"}],"wp:featuredmedia":[{"embeddable":true,"href":"https:\/\/kevinrechsteiner.com\/blog\/wp-json\/wp\/v2\/media\/16531"}],"wp:attachment":[{"href":"https:\/\/kevinrechsteiner.com\/blog\/wp-json\/wp\/v2\/media?parent=16530"}],"wp:term":[{"taxonomy":"category","embeddable":true,"href":"https:\/\/kevinrechsteiner.com\/blog\/wp-json\/wp\/v2\/categories?post=16530"},{"taxonomy":"post_tag","embeddable":true,"href":"https:\/\/kevinrechsteiner.com\/blog\/wp-json\/wp\/v2\/tags?post=16530"}],"curies":[{"name":"wp","href":"https:\/\/api.w.org\/{rel}","templated":true}]}}