{"id":16716,"date":"2018-11-29T08:06:02","date_gmt":"2018-11-29T07:06:02","guid":{"rendered":"http:\/\/kevinrechsteiner.com\/blog\/?p=16716"},"modified":"2018-11-29T08:06:22","modified_gmt":"2018-11-29T07:06:22","slug":"podcast-nicht-fotografieren-mit-thomas-leuthard","status":"publish","type":"post","link":"https:\/\/kevinrechsteiner.com\/blog\/2018\/11\/29\/podcast-nicht-fotografieren-mit-thomas-leuthard\/","title":{"rendered":"Podcast: Nicht fotografieren mit Thomas Leuthard"},"content":{"rendered":"<p><a href=\"https:\/\/kevinrechsteiner.com\/blog\/wp-content\/uploads\/2018\/11\/leuthard_mixdown-mp3-image.jpg\" rel=\"lightbox[16716]\"><img loading=\"lazy\" decoding=\"async\" class=\"alignleft size-medium wp-image-16717\" src=\"https:\/\/kevinrechsteiner.com\/blog\/wp-content\/uploads\/2018\/11\/leuthard_mixdown-mp3-image-300x300.jpg\" alt=\"\" width=\"300\" height=\"300\" srcset=\"https:\/\/kevinrechsteiner.com\/blog\/wp-content\/uploads\/2018\/11\/leuthard_mixdown-mp3-image-300x300.jpg 300w, https:\/\/kevinrechsteiner.com\/blog\/wp-content\/uploads\/2018\/11\/leuthard_mixdown-mp3-image-150x150.jpg 150w, https:\/\/kevinrechsteiner.com\/blog\/wp-content\/uploads\/2018\/11\/leuthard_mixdown-mp3-image-768x768.jpg 768w, https:\/\/kevinrechsteiner.com\/blog\/wp-content\/uploads\/2018\/11\/leuthard_mixdown-mp3-image-1000x1000.jpg 1000w, https:\/\/kevinrechsteiner.com\/blog\/wp-content\/uploads\/2018\/11\/leuthard_mixdown-mp3-image-1194x1194.jpg 1194w\" sizes=\"auto, (max-width: 300px) 100vw, 300px\" \/><\/a>Thomas Leuthard war ein Fotograf, der sich auf die Streetfotografie spezialisiert hat. Ich habe ihn ganz am Anfang seiner Karriere kennengelernt und konnte seine Laufbahn mitverfolgen. Sein R\u00fccktritt im Jahr 2017 hat mich sehr beeindruckt und darum wollte ich mich mit ihm \u00fcber seinen Weg zur Fotografie und wieder weg unterhalten.<\/p>\n<p>&nbsp;<\/p>\n<p>Anh\u00f6ren auf <a href=\"https:\/\/onrecord.audio\/\" target=\"_blank\" rel=\"noopener\">onrecord.audio<\/a> oder gleich hier.<\/p>\n<p><iframe loading=\"lazy\" tabindex=\"0\" title=\"Podlove Web Player: On Record - Nicht fotografieren mit Thomas Leuthard\" src=\"https:\/\/onrecord.audio\/wp-content\/plugins\/podlove-podcasting-plugin-for-wordpress\/lib\/modules\/podlove_web_player\/player_v4\/dist\/share.html?episode=https:\/\/onrecord.audio\/?podlove_player4=13\" width=\"600\" height=\"290\" frameborder=\"0\" scrolling=\"no\"><\/iframe><\/p>\n","protected":false},"excerpt":{"rendered":"<p>Thomas Leuthard war ein Fotograf, der sich auf die Streetfotografie spezialisiert hat. Ich habe ihn ganz am Anfang seiner Karriere kennengelernt und konnte seine Laufbahn mitverfolgen. Sein R\u00fccktritt im Jahr 2017 hat mich sehr beeindruckt und darum wollte ich mich mit ihm \u00fcber seinen Weg zur Fotografie und wieder weg unterhalten. &nbsp; Anh\u00f6ren auf onrecord.audio [&hellip;]<\/p>\n","protected":false},"author":1,"featured_media":0,"comment_status":"open","ping_status":"open","sticky":false,"template":"","format":"standard","meta":{"footnotes":""},"categories":[939],"tags":[1043,607,598],"class_list":["post-16716","post","type-post","status-publish","format-standard","hentry","category-podcast","tag-on-record","tag-podcast","tag-thomas-leuthard"],"_links":{"self":[{"href":"https:\/\/kevinrechsteiner.com\/blog\/wp-json\/wp\/v2\/posts\/16716","targetHints":{"allow":["GET"]}}],"collection":[{"href":"https:\/\/kevinrechsteiner.com\/blog\/wp-json\/wp\/v2\/posts"}],"about":[{"href":"https:\/\/kevinrechsteiner.com\/blog\/wp-json\/wp\/v2\/types\/post"}],"author":[{"embeddable":true,"href":"https:\/\/kevinrechsteiner.com\/blog\/wp-json\/wp\/v2\/users\/1"}],"replies":[{"embeddable":true,"href":"https:\/\/kevinrechsteiner.com\/blog\/wp-json\/wp\/v2\/comments?post=16716"}],"version-history":[{"count":2,"href":"https:\/\/kevinrechsteiner.com\/blog\/wp-json\/wp\/v2\/posts\/16716\/revisions"}],"predecessor-version":[{"id":16719,"href":"https:\/\/kevinrechsteiner.com\/blog\/wp-json\/wp\/v2\/posts\/16716\/revisions\/16719"}],"wp:attachment":[{"href":"https:\/\/kevinrechsteiner.com\/blog\/wp-json\/wp\/v2\/media?parent=16716"}],"wp:term":[{"taxonomy":"category","embeddable":true,"href":"https:\/\/kevinrechsteiner.com\/blog\/wp-json\/wp\/v2\/categories?post=16716"},{"taxonomy":"post_tag","embeddable":true,"href":"https:\/\/kevinrechsteiner.com\/blog\/wp-json\/wp\/v2\/tags?post=16716"}],"curies":[{"name":"wp","href":"https:\/\/api.w.org\/{rel}","templated":true}]}}