{"id":17267,"date":"2019-04-27T06:40:50","date_gmt":"2019-04-27T04:40:50","guid":{"rendered":"http:\/\/kevinrechsteiner.com\/blog\/?p=17267"},"modified":"2019-04-27T06:40:50","modified_gmt":"2019-04-27T04:40:50","slug":"podcast-mit-dem-brewers-cup-dem-job-dem-umzug-und-porsche","status":"publish","type":"post","link":"https:\/\/kevinrechsteiner.com\/blog\/2019\/04\/27\/podcast-mit-dem-brewers-cup-dem-job-dem-umzug-und-porsche\/","title":{"rendered":"Podcast mit dem Brewers Cup, dem Job, dem Umzug und Porsche"},"content":{"rendered":"<p><img loading=\"lazy\" decoding=\"async\" class=\"size-medium wp-image-17268 alignleft\" src=\"https:\/\/kevinrechsteiner.com\/blog\/wp-content\/uploads\/2019\/04\/whyb028-mp3-image-300x300.jpg\" alt=\"\" width=\"300\" height=\"300\" srcset=\"https:\/\/kevinrechsteiner.com\/blog\/wp-content\/uploads\/2019\/04\/whyb028-mp3-image-300x300.jpg 300w, https:\/\/kevinrechsteiner.com\/blog\/wp-content\/uploads\/2019\/04\/whyb028-mp3-image-150x150.jpg 150w, https:\/\/kevinrechsteiner.com\/blog\/wp-content\/uploads\/2019\/04\/whyb028-mp3-image-768x768.jpg 768w, https:\/\/kevinrechsteiner.com\/blog\/wp-content\/uploads\/2019\/04\/whyb028-mp3-image-1000x1000.jpg 1000w, https:\/\/kevinrechsteiner.com\/blog\/wp-content\/uploads\/2019\/04\/whyb028-mp3-image-1194x1194.jpg 1194w\" sizes=\"auto, (max-width: 300px) 100vw, 300px\" \/>\u00dcber zwei Monate seit dem letzten Podcast. Es gibt vieles aufzuholen&#8230;<\/p>\n<p>Dani wurde Schweizermeister im Brewers Cup. Dann ging es an die Weltmeisterschaft. Im Job hat sich etwas ge\u00e4ndert, Kevin ist umgezogen. Und ein paar Porsche gibt&#8217;s auch noch zu h\u00f6ren.<\/p>\n<p><a href=\"https:\/\/bean.audio\/2019\/04\/25\/folge-28-mit-dem-brewers-cup-dem-job-dem-umzug-und-porsche\/\" target=\"_blank\" rel=\"noopener\">Anh\u00f6ren auf bean.audio<\/a><\/p>\n<p>&nbsp;<\/p>\n<p><iframe loading=\"lazy\" tabindex=\"0\" title=\"Podlove Web Player: Where have you bean? - Folge 28 mit dem Brewers Cup, dem Job, dem Umzug und Porsche\" src=\"https:\/\/bean.audio\/wp-content\/plugins\/podlove-podcasting-plugin-for-wordpress\/lib\/modules\/podlove_web_player\/player_v4\/dist\/share.html?episode=https:\/\/bean.audio\/?podlove_player4=99\" width=\"600\" height=\"290\" frameborder=\"0\" scrolling=\"no\"><\/iframe><\/p>\n","protected":false},"excerpt":{"rendered":"<p>\u00dcber zwei Monate seit dem letzten Podcast. Es gibt vieles aufzuholen&#8230; Dani wurde Schweizermeister im Brewers Cup. Dann ging es an die Weltmeisterschaft. Im Job hat sich etwas ge\u00e4ndert, Kevin ist umgezogen. Und ein paar Porsche gibt&#8217;s auch noch zu h\u00f6ren. Anh\u00f6ren auf bean.audio &nbsp;<\/p>\n","protected":false},"author":1,"featured_media":0,"comment_status":"open","ping_status":"open","sticky":false,"template":"","format":"standard","meta":{"footnotes":""},"categories":[6,939],"tags":[748,607],"class_list":["post-17267","post","type-post","status-publish","format-standard","hentry","category-leben","category-podcast","tag-daniel-hofstetter","tag-podcast"],"_links":{"self":[{"href":"https:\/\/kevinrechsteiner.com\/blog\/wp-json\/wp\/v2\/posts\/17267","targetHints":{"allow":["GET"]}}],"collection":[{"href":"https:\/\/kevinrechsteiner.com\/blog\/wp-json\/wp\/v2\/posts"}],"about":[{"href":"https:\/\/kevinrechsteiner.com\/blog\/wp-json\/wp\/v2\/types\/post"}],"author":[{"embeddable":true,"href":"https:\/\/kevinrechsteiner.com\/blog\/wp-json\/wp\/v2\/users\/1"}],"replies":[{"embeddable":true,"href":"https:\/\/kevinrechsteiner.com\/blog\/wp-json\/wp\/v2\/comments?post=17267"}],"version-history":[{"count":2,"href":"https:\/\/kevinrechsteiner.com\/blog\/wp-json\/wp\/v2\/posts\/17267\/revisions"}],"predecessor-version":[{"id":17270,"href":"https:\/\/kevinrechsteiner.com\/blog\/wp-json\/wp\/v2\/posts\/17267\/revisions\/17270"}],"wp:attachment":[{"href":"https:\/\/kevinrechsteiner.com\/blog\/wp-json\/wp\/v2\/media?parent=17267"}],"wp:term":[{"taxonomy":"category","embeddable":true,"href":"https:\/\/kevinrechsteiner.com\/blog\/wp-json\/wp\/v2\/categories?post=17267"},{"taxonomy":"post_tag","embeddable":true,"href":"https:\/\/kevinrechsteiner.com\/blog\/wp-json\/wp\/v2\/tags?post=17267"}],"curies":[{"name":"wp","href":"https:\/\/api.w.org\/{rel}","templated":true}]}}