{"id":17440,"date":"2019-06-22T15:11:13","date_gmt":"2019-06-22T13:11:13","guid":{"rendered":"http:\/\/kevinrechsteiner.com\/blog\/?p=17440"},"modified":"2019-06-23T11:13:32","modified_gmt":"2019-06-23T09:13:32","slug":"das-tiny-house-handbuch","status":"publish","type":"post","link":"https:\/\/kevinrechsteiner.com\/blog\/2019\/06\/22\/das-tiny-house-handbuch\/","title":{"rendered":"Das Tiny House-Handbuch"},"content":{"rendered":"<p>Wie im Blog von gestern erw\u00e4hnt, habe ich mit der Arbeit an einem Tiny House-Buch begonnen. Die meisten aktuellen B\u00fccher zum Thema zeigen vor allem Projekte und Ideen aus dem Ausland, die in der Schweiz (bzw. Europa) nicht realistisch sind. Darum m\u00f6chte ich ein Buch machen, dass sich vor allem auf die Schweiz, Deutschland und \u00d6sterreich konzentriert und die M\u00f6glichkeiten und Projekte in diesen L\u00e4ndern aufzeigt.<\/p>\n<p>Neben den &#8220;Erfahrungsberichten&#8221; soll es aber auch ein Handbuch werden, f\u00fcr Leute, die sich selber mit einem Bau besch\u00e4ftigen. Darin soll dann z.B. erkl\u00e4rt werden, wie man Heizen kann, wie das mit dem Strom und der Solaranlage funktioniert, wie man eine Wasserinstallation plant usw. Also ein Handbuch, dass man dann konkret nutzen kann.<\/p>\n<p>Zudem werde ich darin einige Hersteller von Tiny Houses (oder \u00e4hnlichen Wohnformen) vorstellen. Auch hier wieder nur, was in der Schweiz bzw. Zentraleuropa m\u00f6glich ist.<\/p>\n<p>Ich habe f\u00fcr das Buch bereits die Zusage von einem Verlag und geplant ist, dass das Buch im Fr\u00fchling 2020 erscheinen wird. Ich bin im Moment noch viel am Recherchieren und suche noch folgendes:<\/p>\n<ul>\n<li>Leute, die in Tiny Houses (o.\u00c4) leben und eine spannende Geschichte dazu haben?<\/li>\n<li>Hersteller und Produzenten von Tiny Houses (o.\u00c4)<\/li>\n<\/ul>\n<p>Falls ihr da also jemanden kennt, oder selber so jemand seid &#8211; gerne melden (<a href=\"mailto:rechsteiner@ccw-gmbh.ch\">rechsteiner@ccw-gmbh.ch<\/a>)!<\/p>\n<p>Updates zum Buch gibt&#8217;s dann bald hier oder auf <a href=\"https:\/\/tiny-house.ch\" target=\"_blank\" rel=\"noopener\">tiny-house.ch<\/a><\/p>\n","protected":false},"excerpt":{"rendered":"<p>Wie im Blog von gestern erw\u00e4hnt, habe ich mit der Arbeit an einem Tiny House-Buch begonnen. Die meisten aktuellen B\u00fccher zum Thema zeigen vor allem Projekte und Ideen aus dem Ausland, die in der Schweiz (bzw. Europa) nicht realistisch sind. Darum m\u00f6chte ich ein Buch machen, dass sich vor allem auf die Schweiz, Deutschland und [&hellip;]<\/p>\n","protected":false},"author":1,"featured_media":0,"comment_status":"open","ping_status":"open","sticky":false,"template":"","format":"standard","meta":{"footnotes":""},"categories":[699],"tags":[110,562,1112],"class_list":["post-17440","post","type-post","status-publish","format-standard","hentry","category-tiny-house","tag-buch","tag-tiny-house","tag-tiny-house-handbuch"],"_links":{"self":[{"href":"https:\/\/kevinrechsteiner.com\/blog\/wp-json\/wp\/v2\/posts\/17440","targetHints":{"allow":["GET"]}}],"collection":[{"href":"https:\/\/kevinrechsteiner.com\/blog\/wp-json\/wp\/v2\/posts"}],"about":[{"href":"https:\/\/kevinrechsteiner.com\/blog\/wp-json\/wp\/v2\/types\/post"}],"author":[{"embeddable":true,"href":"https:\/\/kevinrechsteiner.com\/blog\/wp-json\/wp\/v2\/users\/1"}],"replies":[{"embeddable":true,"href":"https:\/\/kevinrechsteiner.com\/blog\/wp-json\/wp\/v2\/comments?post=17440"}],"version-history":[{"count":5,"href":"https:\/\/kevinrechsteiner.com\/blog\/wp-json\/wp\/v2\/posts\/17440\/revisions"}],"predecessor-version":[{"id":17446,"href":"https:\/\/kevinrechsteiner.com\/blog\/wp-json\/wp\/v2\/posts\/17440\/revisions\/17446"}],"wp:attachment":[{"href":"https:\/\/kevinrechsteiner.com\/blog\/wp-json\/wp\/v2\/media?parent=17440"}],"wp:term":[{"taxonomy":"category","embeddable":true,"href":"https:\/\/kevinrechsteiner.com\/blog\/wp-json\/wp\/v2\/categories?post=17440"},{"taxonomy":"post_tag","embeddable":true,"href":"https:\/\/kevinrechsteiner.com\/blog\/wp-json\/wp\/v2\/tags?post=17440"}],"curies":[{"name":"wp","href":"https:\/\/api.w.org\/{rel}","templated":true}]}}