{"id":17668,"date":"2019-09-12T08:28:38","date_gmt":"2019-09-12T06:28:38","guid":{"rendered":"http:\/\/kevinrechsteiner.com\/blog\/?p=17668"},"modified":"2019-09-12T08:28:38","modified_gmt":"2019-09-12T06:28:38","slug":"podcast-mit-dem-feuer-dem-ersten-schnee-firmengeschichten-und-dem-herbst","status":"publish","type":"post","link":"https:\/\/kevinrechsteiner.com\/blog\/2019\/09\/12\/podcast-mit-dem-feuer-dem-ersten-schnee-firmengeschichten-und-dem-herbst\/","title":{"rendered":"Podcast mit dem Feuer, dem ersten Schnee, Firmengeschichten und dem Herbst"},"content":{"rendered":"<p><img loading=\"lazy\" decoding=\"async\" class=\"alignleft wp-image-17669 size-medium\" src=\"https:\/\/kevinrechsteiner.com\/blog\/wp-content\/uploads\/2019\/09\/folge33-300x300.jpg\" alt=\"\" width=\"300\" height=\"300\" srcset=\"https:\/\/kevinrechsteiner.com\/blog\/wp-content\/uploads\/2019\/09\/folge33-300x300.jpg 300w, https:\/\/kevinrechsteiner.com\/blog\/wp-content\/uploads\/2019\/09\/folge33-150x150.jpg 150w, https:\/\/kevinrechsteiner.com\/blog\/wp-content\/uploads\/2019\/09\/folge33-768x768.jpg 768w, https:\/\/kevinrechsteiner.com\/blog\/wp-content\/uploads\/2019\/09\/folge33-1000x1000.jpg 1000w, https:\/\/kevinrechsteiner.com\/blog\/wp-content\/uploads\/2019\/09\/folge33-1194x1194.jpg 1194w\" sizes=\"auto, (max-width: 300px) 100vw, 300px\" \/>Bei Kevin vor dem Tiny House am Lagerfeuer. Und es wird die l\u00e4ngste Folge, die wir je aufgenommen haben.<\/p>\n<p>Dani kam in den ersten Schnee und wir freuen uns auf den Herbst. Es gibt ein paar Insider-Geschichten aus unseren jetzigen und zuk\u00fcnftigen Firmen. Und wir sprechen \u00fcber das Tiny House-Buchprojekt.<\/p>\n<p>Anh\u00f6ren hier oder auf <a href=\"https:\/\/bean.audio\/2019\/09\/11\/folge-33-mit-dem-feuer-dem-ersten-schnee-firmengeschichten-und-dem-herbst\/\" target=\"_blank\" rel=\"noopener\">bean.audio<\/a><\/p>\n<p><iframe loading=\"lazy\" tabindex=\"0\" title=\"Podlove Web Player: Where have you bean? - Folge 33 mit dem Feuer, dem ersten Schnee, Firmengeschichten und dem Herbst\" src=\"https:\/\/bean.audio\/wp-content\/plugins\/podlove-podcasting-plugin-for-wordpress\/lib\/modules\/podlove_web_player\/player_v4\/dist\/share.html?episode=https:\/\/bean.audio\/?podlove_player4=112\" width=\"600\" height=\"290\" frameborder=\"0\" scrolling=\"no\"><\/iframe><\/p>\n","protected":false},"excerpt":{"rendered":"<p>Bei Kevin vor dem Tiny House am Lagerfeuer. Und es wird die l\u00e4ngste Folge, die wir je aufgenommen haben. Dani kam in den ersten Schnee und wir freuen uns auf den Herbst. Es gibt ein paar Insider-Geschichten aus unseren jetzigen und zuk\u00fcnftigen Firmen. Und wir sprechen \u00fcber das Tiny House-Buchprojekt. Anh\u00f6ren hier oder auf bean.audio<\/p>\n","protected":false},"author":1,"featured_media":0,"comment_status":"open","ping_status":"open","sticky":false,"template":"","format":"standard","meta":{"footnotes":""},"categories":[939],"tags":[748,607,940],"class_list":["post-17668","post","type-post","status-publish","format-standard","hentry","category-podcast","tag-daniel-hofstetter","tag-podcast","tag-where-have-you-bean"],"_links":{"self":[{"href":"https:\/\/kevinrechsteiner.com\/blog\/wp-json\/wp\/v2\/posts\/17668","targetHints":{"allow":["GET"]}}],"collection":[{"href":"https:\/\/kevinrechsteiner.com\/blog\/wp-json\/wp\/v2\/posts"}],"about":[{"href":"https:\/\/kevinrechsteiner.com\/blog\/wp-json\/wp\/v2\/types\/post"}],"author":[{"embeddable":true,"href":"https:\/\/kevinrechsteiner.com\/blog\/wp-json\/wp\/v2\/users\/1"}],"replies":[{"embeddable":true,"href":"https:\/\/kevinrechsteiner.com\/blog\/wp-json\/wp\/v2\/comments?post=17668"}],"version-history":[{"count":1,"href":"https:\/\/kevinrechsteiner.com\/blog\/wp-json\/wp\/v2\/posts\/17668\/revisions"}],"predecessor-version":[{"id":17670,"href":"https:\/\/kevinrechsteiner.com\/blog\/wp-json\/wp\/v2\/posts\/17668\/revisions\/17670"}],"wp:attachment":[{"href":"https:\/\/kevinrechsteiner.com\/blog\/wp-json\/wp\/v2\/media?parent=17668"}],"wp:term":[{"taxonomy":"category","embeddable":true,"href":"https:\/\/kevinrechsteiner.com\/blog\/wp-json\/wp\/v2\/categories?post=17668"},{"taxonomy":"post_tag","embeddable":true,"href":"https:\/\/kevinrechsteiner.com\/blog\/wp-json\/wp\/v2\/tags?post=17668"}],"curies":[{"name":"wp","href":"https:\/\/api.w.org\/{rel}","templated":true}]}}