{"id":18824,"date":"2020-08-29T11:06:10","date_gmt":"2020-08-29T09:06:10","guid":{"rendered":"https:\/\/kevinrechsteiner.com\/blog\/?p=18824"},"modified":"2020-08-29T11:06:35","modified_gmt":"2020-08-29T09:06:35","slug":"podcast-mit-dem-kaffee-solidaritaet-politik-und-den-projekten","status":"publish","type":"post","link":"https:\/\/kevinrechsteiner.com\/blog\/2020\/08\/29\/podcast-mit-dem-kaffee-solidaritaet-politik-und-den-projekten\/","title":{"rendered":"Podcast mit dem Kaffee, Solidarit\u00e4t, Politik und den Projekten"},"content":{"rendered":"<p><img loading=\"lazy\" decoding=\"async\" class=\"alignleft wp-image-18825 size-medium\" src=\"https:\/\/kevinrechsteiner.com\/blog\/wp-content\/uploads\/2020\/08\/whyb074-300x300.jpg\" alt=\"\" width=\"300\" height=\"300\" srcset=\"https:\/\/kevinrechsteiner.com\/blog\/wp-content\/uploads\/2020\/08\/whyb074-300x300.jpg 300w, https:\/\/kevinrechsteiner.com\/blog\/wp-content\/uploads\/2020\/08\/whyb074-1000x1000.jpg 1000w, https:\/\/kevinrechsteiner.com\/blog\/wp-content\/uploads\/2020\/08\/whyb074-150x150.jpg 150w, https:\/\/kevinrechsteiner.com\/blog\/wp-content\/uploads\/2020\/08\/whyb074-768x768.jpg 768w, https:\/\/kevinrechsteiner.com\/blog\/wp-content\/uploads\/2020\/08\/whyb074-1536x1536.jpg 1536w, https:\/\/kevinrechsteiner.com\/blog\/wp-content\/uploads\/2020\/08\/whyb074-2048x2048.jpg 2048w, https:\/\/kevinrechsteiner.com\/blog\/wp-content\/uploads\/2020\/08\/whyb074-1194x1194.jpg 1194w\" sizes=\"auto, (max-width: 300px) 100vw, 300px\" \/>Bei Dani in Frauenfeld. Wiedermal mit Kaffee. Und wir werden jetzt vielleicht doch noch zum Politik-Podcast.<\/p>\n<p>Es wird politisch. Wir sprechen \u00fcber Corona, #blacklivesmatter und \u00fcber Solidarit\u00e4t. Nat\u00fcrlich auch noch \u00fcber die Drohne und viele weitere Projekte\u2026<\/p>\n<p>Anh\u00f6ren auf <a href=\"https:\/\/wherehaveyoubean.ch\/2020\/08\/29\/folge-74-mit-dem-kaffee-solidaritaet-politik-und-den-projekten\/\" target=\"_blank\" rel=\"noopener noreferrer\">wherehaveyoubean.ch<\/a> oder gleich hier.<\/p>\n<p><iframe loading=\"lazy\" title=\"Podlove Web Player: Where have you bean? - Folge 74 mit dem Kaffee, Solidarit\u00e4t, Politik und den Projekten\" width=\"600\" height=\"290\" src=\"https:\/\/wherehaveyoubean.ch\/wp-content\/plugins\/podlove-podcasting-plugin-for-wordpress\/lib\/modules\/podlove_web_player\/player_v4\/dist\/share.html?episode=https%3A%2F%2Fwherehaveyoubean.ch%2F%3Fpodlove_player4%3D156\" frameborder=\"0\" scrolling=\"no\" tabindex=\"0\"><\/iframe><\/p>\n","protected":false},"excerpt":{"rendered":"<p>Bei Dani in Frauenfeld. Wiedermal mit Kaffee. Und wir werden jetzt vielleicht doch noch zum Politik-Podcast. Es wird politisch. Wir sprechen \u00fcber Corona, #blacklivesmatter und \u00fcber Solidarit\u00e4t. Nat\u00fcrlich auch noch \u00fcber die Drohne und viele weitere Projekte\u2026 Anh\u00f6ren auf wherehaveyoubean.ch oder gleich hier.<\/p>\n","protected":false},"author":1,"featured_media":0,"comment_status":"open","ping_status":"open","sticky":false,"template":"","format":"standard","meta":{"footnotes":""},"categories":[939],"tags":[607,940],"class_list":["post-18824","post","type-post","status-publish","format-standard","hentry","category-podcast","tag-podcast","tag-where-have-you-bean"],"_links":{"self":[{"href":"https:\/\/kevinrechsteiner.com\/blog\/wp-json\/wp\/v2\/posts\/18824","targetHints":{"allow":["GET"]}}],"collection":[{"href":"https:\/\/kevinrechsteiner.com\/blog\/wp-json\/wp\/v2\/posts"}],"about":[{"href":"https:\/\/kevinrechsteiner.com\/blog\/wp-json\/wp\/v2\/types\/post"}],"author":[{"embeddable":true,"href":"https:\/\/kevinrechsteiner.com\/blog\/wp-json\/wp\/v2\/users\/1"}],"replies":[{"embeddable":true,"href":"https:\/\/kevinrechsteiner.com\/blog\/wp-json\/wp\/v2\/comments?post=18824"}],"version-history":[{"count":2,"href":"https:\/\/kevinrechsteiner.com\/blog\/wp-json\/wp\/v2\/posts\/18824\/revisions"}],"predecessor-version":[{"id":18827,"href":"https:\/\/kevinrechsteiner.com\/blog\/wp-json\/wp\/v2\/posts\/18824\/revisions\/18827"}],"wp:attachment":[{"href":"https:\/\/kevinrechsteiner.com\/blog\/wp-json\/wp\/v2\/media?parent=18824"}],"wp:term":[{"taxonomy":"category","embeddable":true,"href":"https:\/\/kevinrechsteiner.com\/blog\/wp-json\/wp\/v2\/categories?post=18824"},{"taxonomy":"post_tag","embeddable":true,"href":"https:\/\/kevinrechsteiner.com\/blog\/wp-json\/wp\/v2\/tags?post=18824"}],"curies":[{"name":"wp","href":"https:\/\/api.w.org\/{rel}","templated":true}]}}