{"id":19218,"date":"2020-12-03T08:20:26","date_gmt":"2020-12-03T07:20:26","guid":{"rendered":"https:\/\/kevinrechsteiner.com\/blog\/?p=19218"},"modified":"2020-12-03T08:21:34","modified_gmt":"2020-12-03T07:21:34","slug":"podcast-mit-robert-boesch","status":"publish","type":"post","link":"https:\/\/kevinrechsteiner.com\/blog\/2020\/12\/03\/podcast-mit-robert-boesch\/","title":{"rendered":"Podcast mit Robert B\u00f6sch"},"content":{"rendered":"<p><img loading=\"lazy\" decoding=\"async\" class=\"alignleft size-medium wp-image-19222\" src=\"https:\/\/kevinrechsteiner.com\/blog\/wp-content\/uploads\/2020\/12\/robertboesch-1-200x300.jpg\" alt=\"\" width=\"200\" height=\"300\" srcset=\"https:\/\/kevinrechsteiner.com\/blog\/wp-content\/uploads\/2020\/12\/robertboesch-1-200x300.jpg 200w, https:\/\/kevinrechsteiner.com\/blog\/wp-content\/uploads\/2020\/12\/robertboesch-1.jpg 472w\" sizes=\"auto, (max-width: 200px) 100vw, 200px\" \/>Robert B\u00f6sch ist Geograf und Bergf\u00fchrer, arbeitet aber seit \u00fcber 30 Jahren als freischaffender Berufsfotograf.<\/p>\n<p>Sein Name als Fotograf machte er sich vor allem in der Vertikalen, mit Bildern aus der Bergwelt und Actionaufnahmen. Als Bergsteiger ist er anspruchsvollste Routen an vielen Bergen der Welt geklettert, auch schon auf dem Mount Everest.<br \/>\nRobert B\u00f6sch im Gespr\u00e4ch \u00fcbers Bergsteigen, die Fotografie und sein neues Buch \u201cNo Man\u2019s Land\u201d.<\/p>\n<p>Mehr Infos zur Robert B\u00f6sch gibt es unter:\u00a0<a href=\"http:\/\/www.robertboesch.ch\/\" target=\"_blank\" rel=\"noreferrer noopener\">www.robertboesch.ch<\/a><\/p>\n<p>&nbsp;<\/p>\n<p>Anh\u00f6ren auf <a href=\"https:\/\/guestlist-podcast.ch\/2020\/12\/02\/robert-boesch\/\" target=\"_blank\" rel=\"noopener noreferrer\">feedback-podcast.ch<\/a><\/p>\n","protected":false},"excerpt":{"rendered":"<p>Robert B\u00f6sch ist Geograf und Bergf\u00fchrer, arbeitet aber seit \u00fcber 30 Jahren als freischaffender Berufsfotograf. Sein Name als Fotograf machte er sich vor allem in der Vertikalen, mit Bildern aus der Bergwelt und Actionaufnahmen. Als Bergsteiger ist er anspruchsvollste Routen an vielen Bergen der Welt geklettert, auch schon auf dem Mount Everest. Robert B\u00f6sch im [&hellip;]<\/p>\n","protected":false},"author":1,"featured_media":0,"comment_status":"open","ping_status":"open","sticky":false,"template":"","format":"standard","meta":{"footnotes":""},"categories":[939],"tags":[1189,1188,607,1252],"class_list":["post-19218","post","type-post","status-publish","format-standard","hentry","category-podcast","tag-dani-hofstetter","tag-guestlist","tag-podcast","tag-robert-boesch"],"_links":{"self":[{"href":"https:\/\/kevinrechsteiner.com\/blog\/wp-json\/wp\/v2\/posts\/19218","targetHints":{"allow":["GET"]}}],"collection":[{"href":"https:\/\/kevinrechsteiner.com\/blog\/wp-json\/wp\/v2\/posts"}],"about":[{"href":"https:\/\/kevinrechsteiner.com\/blog\/wp-json\/wp\/v2\/types\/post"}],"author":[{"embeddable":true,"href":"https:\/\/kevinrechsteiner.com\/blog\/wp-json\/wp\/v2\/users\/1"}],"replies":[{"embeddable":true,"href":"https:\/\/kevinrechsteiner.com\/blog\/wp-json\/wp\/v2\/comments?post=19218"}],"version-history":[{"count":4,"href":"https:\/\/kevinrechsteiner.com\/blog\/wp-json\/wp\/v2\/posts\/19218\/revisions"}],"predecessor-version":[{"id":19224,"href":"https:\/\/kevinrechsteiner.com\/blog\/wp-json\/wp\/v2\/posts\/19218\/revisions\/19224"}],"wp:attachment":[{"href":"https:\/\/kevinrechsteiner.com\/blog\/wp-json\/wp\/v2\/media?parent=19218"}],"wp:term":[{"taxonomy":"category","embeddable":true,"href":"https:\/\/kevinrechsteiner.com\/blog\/wp-json\/wp\/v2\/categories?post=19218"},{"taxonomy":"post_tag","embeddable":true,"href":"https:\/\/kevinrechsteiner.com\/blog\/wp-json\/wp\/v2\/tags?post=19218"}],"curies":[{"name":"wp","href":"https:\/\/api.w.org\/{rel}","templated":true}]}}