{"id":19226,"date":"2020-12-04T08:51:18","date_gmt":"2020-12-04T07:51:18","guid":{"rendered":"https:\/\/kevinrechsteiner.com\/blog\/?p=19226"},"modified":"2020-12-04T08:51:18","modified_gmt":"2020-12-04T07:51:18","slug":"podcast-kirche-und-politik","status":"publish","type":"post","link":"https:\/\/kevinrechsteiner.com\/blog\/2020\/12\/04\/podcast-kirche-und-politik\/","title":{"rendered":"Podcast: Kirche und Politik"},"content":{"rendered":"<p><img loading=\"lazy\" decoding=\"async\" class=\"alignleft size-medium wp-image-15495\" src=\"https:\/\/kevinrechsteiner.com\/blog\/wp-content\/uploads\/2018\/02\/wersglaubt004-mp3-image-300x300.jpg\" alt=\"\" width=\"300\" height=\"300\" srcset=\"https:\/\/kevinrechsteiner.com\/blog\/wp-content\/uploads\/2018\/02\/wersglaubt004-mp3-image-300x300.jpg 300w, https:\/\/kevinrechsteiner.com\/blog\/wp-content\/uploads\/2018\/02\/wersglaubt004-mp3-image-150x150.jpg 150w, https:\/\/kevinrechsteiner.com\/blog\/wp-content\/uploads\/2018\/02\/wersglaubt004-mp3-image-768x768.jpg 768w, https:\/\/kevinrechsteiner.com\/blog\/wp-content\/uploads\/2018\/02\/wersglaubt004-mp3-image-1000x1000.jpg 1000w, https:\/\/kevinrechsteiner.com\/blog\/wp-content\/uploads\/2018\/02\/wersglaubt004-mp3-image-1194x1194.jpg 1194w\" sizes=\"auto, (max-width: 300px) 100vw, 300px\" \/>Ein Gespr\u00e4ch \u00fcber Politik und die Abstimmung vom 29. November 2020.<\/p>\n<p>Einzelne Kirchgemeinden in der ganzen Schweiz haben sich f\u00fcr die Abstimmung vom 29. November eingesetzt. Es wurden Flaggen an Kircht\u00fcrme montiert und \u00f6ffentlich \u00fcber die Abstimmung gesprochen. Doch darf sich die Kirche politisch \u00e4ussern?<\/p>\n<p>Anh\u00f6ren auf <a href=\"https:\/\/wersglaubt.audio\/2020\/12\/03\/kirche-und-politik\/\" target=\"_blank\" rel=\"noopener noreferrer\">wersglaubt.audio<\/a><\/p>\n<p>&nbsp;<\/p>\n<p><iframe title=\"Podlove Web Player: Wer's glaubt - Kirche und Politik\" height=\"200\" src=\"https:\/\/wersglaubt.audio\/wp-content\/plugins\/podlove-web-player\/web-player\/share.html?config=https%3A%2F%2Fwersglaubt.audio%2Fwp-json%2Fpodlove-web-player%2Fshortcode%2Fconfig%2Fdefault%2Ftheme%2Fdefault&#038;episode=https%3A%2F%2Fwersglaubt.audio%2Fwp-json%2Fpodlove-web-player%2Fshortcode%2Fpublisher%2F186\" frameborder=\"0\" scrolling=\"no\" tabindex=\"0\"><\/iframe><\/p>\n","protected":false},"excerpt":{"rendered":"<p>Ein Gespr\u00e4ch \u00fcber Politik und die Abstimmung vom 29. November 2020. Einzelne Kirchgemeinden in der ganzen Schweiz haben sich f\u00fcr die Abstimmung vom 29. November eingesetzt. Es wurden Flaggen an Kircht\u00fcrme montiert und \u00f6ffentlich \u00fcber die Abstimmung gesprochen. Doch darf sich die Kirche politisch \u00e4ussern? Anh\u00f6ren auf wersglaubt.audio &nbsp;<\/p>\n","protected":false},"author":1,"featured_media":0,"comment_status":"open","ping_status":"open","sticky":false,"template":"","format":"standard","meta":{"footnotes":""},"categories":[939],"tags":[974,607,973],"class_list":["post-19226","post","type-post","status-publish","format-standard","hentry","category-podcast","tag-christian-walti","tag-podcast","tag-wers-glaubt"],"_links":{"self":[{"href":"https:\/\/kevinrechsteiner.com\/blog\/wp-json\/wp\/v2\/posts\/19226","targetHints":{"allow":["GET"]}}],"collection":[{"href":"https:\/\/kevinrechsteiner.com\/blog\/wp-json\/wp\/v2\/posts"}],"about":[{"href":"https:\/\/kevinrechsteiner.com\/blog\/wp-json\/wp\/v2\/types\/post"}],"author":[{"embeddable":true,"href":"https:\/\/kevinrechsteiner.com\/blog\/wp-json\/wp\/v2\/users\/1"}],"replies":[{"embeddable":true,"href":"https:\/\/kevinrechsteiner.com\/blog\/wp-json\/wp\/v2\/comments?post=19226"}],"version-history":[{"count":2,"href":"https:\/\/kevinrechsteiner.com\/blog\/wp-json\/wp\/v2\/posts\/19226\/revisions"}],"predecessor-version":[{"id":19228,"href":"https:\/\/kevinrechsteiner.com\/blog\/wp-json\/wp\/v2\/posts\/19226\/revisions\/19228"}],"wp:attachment":[{"href":"https:\/\/kevinrechsteiner.com\/blog\/wp-json\/wp\/v2\/media?parent=19226"}],"wp:term":[{"taxonomy":"category","embeddable":true,"href":"https:\/\/kevinrechsteiner.com\/blog\/wp-json\/wp\/v2\/categories?post=19226"},{"taxonomy":"post_tag","embeddable":true,"href":"https:\/\/kevinrechsteiner.com\/blog\/wp-json\/wp\/v2\/tags?post=19226"}],"curies":[{"name":"wp","href":"https:\/\/api.w.org\/{rel}","templated":true}]}}