{"id":20336,"date":"2021-12-16T05:49:32","date_gmt":"2021-12-16T04:49:32","guid":{"rendered":"https:\/\/kevinrechsteiner.com\/blog\/?p=20336"},"modified":"2021-12-16T05:49:32","modified_gmt":"2021-12-16T04:49:32","slug":"ich-wollte-die-bilder-aber-keine-fotos-machen","status":"publish","type":"post","link":"https:\/\/kevinrechsteiner.com\/blog\/2021\/12\/16\/ich-wollte-die-bilder-aber-keine-fotos-machen\/","title":{"rendered":"Ich wollte die Bilder, aber keine Fotos machen"},"content":{"rendered":"<p>Meine &#8220;aktive&#8221; Zeit als Fotograf ist schon eine Weile her, vor allem was Portraitfotografie angeht. Ich habe vor ein paar Jahren oft mit professionellen Models zusammengearbeitet und oft f\u00fcr Kunden solche Fotos gemacht. Das ganze ist aber dann ein bisschen in Vergessenheit geraten.<\/p>\n<p>Seit ein paar Tagen habe ich aber den Wunsch, wieder mehr zu fotografieren. Aber nicht professionelle Models, sondern die Menschen aus meinem Umfeld.<\/p>\n<p>Die Schwierigkeit bei Profis ist, eine Pose oder einen Gesichtsausdruck zu bekommen, der &#8220;nicht inszeniert&#8221; ist. Ein Model weiss genau, wie es sich vor der Kamera verhalten muss. Das Arbeiten mit Models wird (meist) irgendwann langweilig&#8230;<\/p>\n<p>Die Schwierigkeit bei Personen, die noch nie oder selten fotografiert werden ist, diese \u00fcberhaupt f\u00fcr ein Fotoshooting zu \u00fcberzeugen. Es ist f\u00fcr die meisten Leute ungewohnt vor der Kamera zu stehen. Trotzdem m\u00f6chte ich das in der n\u00e4chsten Zeit ein bisschen mehr machen und so auch meine analogen Kameras wieder mehr nutzen.<\/p>\n<p>Wie die Bilder werden sollten, wusste ich schon lange, aber ich war nicht motiviert das ganze auch anzugehen. Jetzt scheint aber der richtige Moment daf\u00fcr zu sein&#8230;<\/p>\n<p><a href=\"https:\/\/kevinrechsteiner.com\/blog\/wp-content\/uploads\/2021\/12\/alinakorneeva.jpg\" rel=\"lightbox[20336]\"><img loading=\"lazy\" decoding=\"async\" class=\"alignleft size-large wp-image-20337\" src=\"https:\/\/kevinrechsteiner.com\/blog\/wp-content\/uploads\/2021\/12\/alinakorneeva-798x1000.jpg\" alt=\"\" width=\"798\" height=\"1000\" srcset=\"https:\/\/kevinrechsteiner.com\/blog\/wp-content\/uploads\/2021\/12\/alinakorneeva-798x1000.jpg 798w, https:\/\/kevinrechsteiner.com\/blog\/wp-content\/uploads\/2021\/12\/alinakorneeva-239x300.jpg 239w, https:\/\/kevinrechsteiner.com\/blog\/wp-content\/uploads\/2021\/12\/alinakorneeva-768x962.jpg 768w, https:\/\/kevinrechsteiner.com\/blog\/wp-content\/uploads\/2021\/12\/alinakorneeva.jpg 1000w\" sizes=\"auto, (max-width: 798px) 100vw, 798px\" \/><\/a><\/p>\n","protected":false},"excerpt":{"rendered":"<p>Meine &#8220;aktive&#8221; Zeit als Fotograf ist schon eine Weile her, vor allem was Portraitfotografie angeht. Ich habe vor ein paar Jahren oft mit professionellen Models zusammengearbeitet und oft f\u00fcr Kunden solche Fotos gemacht. Das ganze ist aber dann ein bisschen in Vergessenheit geraten. Seit ein paar Tagen habe ich aber den Wunsch, wieder mehr zu [&hellip;]<\/p>\n","protected":false},"author":1,"featured_media":0,"comment_status":"open","ping_status":"open","sticky":false,"template":"","format":"standard","meta":{"footnotes":""},"categories":[3],"tags":[216,572],"class_list":["post-20336","post","type-post","status-publish","format-standard","hentry","category-fotografie","tag-analogfotografie","tag-fotografie"],"_links":{"self":[{"href":"https:\/\/kevinrechsteiner.com\/blog\/wp-json\/wp\/v2\/posts\/20336","targetHints":{"allow":["GET"]}}],"collection":[{"href":"https:\/\/kevinrechsteiner.com\/blog\/wp-json\/wp\/v2\/posts"}],"about":[{"href":"https:\/\/kevinrechsteiner.com\/blog\/wp-json\/wp\/v2\/types\/post"}],"author":[{"embeddable":true,"href":"https:\/\/kevinrechsteiner.com\/blog\/wp-json\/wp\/v2\/users\/1"}],"replies":[{"embeddable":true,"href":"https:\/\/kevinrechsteiner.com\/blog\/wp-json\/wp\/v2\/comments?post=20336"}],"version-history":[{"count":1,"href":"https:\/\/kevinrechsteiner.com\/blog\/wp-json\/wp\/v2\/posts\/20336\/revisions"}],"predecessor-version":[{"id":20338,"href":"https:\/\/kevinrechsteiner.com\/blog\/wp-json\/wp\/v2\/posts\/20336\/revisions\/20338"}],"wp:attachment":[{"href":"https:\/\/kevinrechsteiner.com\/blog\/wp-json\/wp\/v2\/media?parent=20336"}],"wp:term":[{"taxonomy":"category","embeddable":true,"href":"https:\/\/kevinrechsteiner.com\/blog\/wp-json\/wp\/v2\/categories?post=20336"},{"taxonomy":"post_tag","embeddable":true,"href":"https:\/\/kevinrechsteiner.com\/blog\/wp-json\/wp\/v2\/tags?post=20336"}],"curies":[{"name":"wp","href":"https:\/\/api.w.org\/{rel}","templated":true}]}}