{"id":21966,"date":"2023-09-23T14:22:49","date_gmt":"2023-09-23T12:22:49","guid":{"rendered":"https:\/\/kevinrechsteiner.com\/blog\/?p=21966"},"modified":"2023-09-23T14:22:49","modified_gmt":"2023-09-23T12:22:49","slug":"das-kadett-projekt","status":"publish","type":"post","link":"https:\/\/kevinrechsteiner.com\/blog\/2023\/09\/23\/das-kadett-projekt\/","title":{"rendered":"Das Kadett Projekt"},"content":{"rendered":"<p>Der Kadett war anfangs nur als \u00dcbergangs-Auto gedacht. Er lief, war vorgef\u00fchrt und die Idee war, das Auto zwei Jahre zu fahren und dann wieder zu verkaufen oder zu entsorgen. Ich mochte den Look des alten Kadetts sehr, er ist verbeult, verkratzt und hat gelebt. Hat aber den Charme eines 50-j\u00e4hrigen Autos nicht verloren.<\/p>\n<p>Ich habe schon bald gemerkt, dass ich mit dem Kadett sehr gerne fahre. Er ist sehr \u00fcbersichtlich. Dank wenig Gewicht auch mit dem kleinen Motor recht agil und bietet genug Platz um auch mal was zu transportieren. Darum wollte ich den Kadett dann doch l\u00e4nger als zwei Jahre behalten und habe langsam mit einfachen Restaurationsarbeiten angefangen. Ich habe Dichtungen ersetzt, die Bremsen gemacht und die Elektronik ein bisschen aufger\u00e4umt&#8230;<\/p>\n<p>Die gr\u00f6sste Baustelle war aber der Motor. Dieser war nicht ganz Dicht und ich hatte den Verdacht, dass die Zylinderkopfdichtung ersetzt werden muss. Zudem waren die meisten Schl\u00e4uche durch das Alter sehr hart geworden und m\u00fcssten auch ersetzt werden.<\/p>\n<p>Mechanisch kann ich einige Sachen, aber an einen Motor habe ich mich noch nie gewagt. Zum Gl\u00fcck habe ich Ren\u00e9 B\u00fchrer aus R\u00fcmlang kennengelernt, der mir im Moment hilft, den Motor zu revidieren und mir dazu seine Garage zur Verf\u00fcgung stellt. Ich lerne grad sehr viel von ihm und \u00fcber Motoren und es erf\u00fcllt mich grad sehr, in seiner Garage Zeit zu verbringen.<\/p>\n<p>Den Zylinderkopf haben wir vor ein paar Tagen ausgebaut und dabei gleich ein Inventar f\u00fcr Ersatzteile gemacht. Dieses sind nun bestellt und der Zylinderkopf ist auch schon geschliffen und geplant. Das Auto kann also hoffentlich bald wieder auf die Strasse. Ich freue mich darauf!<\/p>\n<p><img loading=\"lazy\" decoding=\"async\" class=\"alignnone size-full wp-image-21967\" src=\"https:\/\/kevinrechsteiner.com\/blog\/wp-content\/uploads\/2023\/09\/2023-09-19-08.16.25-scaled.jpg\" alt=\"\" width=\"1920\" height=\"2560\" srcset=\"https:\/\/kevinrechsteiner.com\/blog\/wp-content\/uploads\/2023\/09\/2023-09-19-08.16.25-scaled.jpg 1920w, https:\/\/kevinrechsteiner.com\/blog\/wp-content\/uploads\/2023\/09\/2023-09-19-08.16.25-225x300.jpg 225w, https:\/\/kevinrechsteiner.com\/blog\/wp-content\/uploads\/2023\/09\/2023-09-19-08.16.25-750x1000.jpg 750w, https:\/\/kevinrechsteiner.com\/blog\/wp-content\/uploads\/2023\/09\/2023-09-19-08.16.25-768x1024.jpg 768w, https:\/\/kevinrechsteiner.com\/blog\/wp-content\/uploads\/2023\/09\/2023-09-19-08.16.25-1152x1536.jpg 1152w, https:\/\/kevinrechsteiner.com\/blog\/wp-content\/uploads\/2023\/09\/2023-09-19-08.16.25-1536x2048.jpg 1536w, https:\/\/kevinrechsteiner.com\/blog\/wp-content\/uploads\/2023\/09\/2023-09-19-08.16.25-1194x1592.jpg 1194w\" sizes=\"auto, (max-width: 1920px) 100vw, 1920px\" \/><\/p>\n","protected":false},"excerpt":{"rendered":"<p>Der Kadett war anfangs nur als \u00dcbergangs-Auto gedacht. Er lief, war vorgef\u00fchrt und die Idee war, das Auto zwei Jahre zu fahren und dann wieder zu verkaufen oder zu entsorgen. Ich mochte den Look des alten Kadetts sehr, er ist verbeult, verkratzt und hat gelebt. Hat aber den Charme eines 50-j\u00e4hrigen Autos nicht verloren. Ich [&hellip;]<\/p>\n","protected":false},"author":1,"featured_media":0,"comment_status":"open","ping_status":"open","sticky":false,"template":"","format":"standard","meta":{"footnotes":""},"categories":[27],"tags":[130,1394,1299],"class_list":["post-21966","post","type-post","status-publish","format-standard","hentry","category-cars","tag-auto","tag-kadett","tag-opel"],"_links":{"self":[{"href":"https:\/\/kevinrechsteiner.com\/blog\/wp-json\/wp\/v2\/posts\/21966","targetHints":{"allow":["GET"]}}],"collection":[{"href":"https:\/\/kevinrechsteiner.com\/blog\/wp-json\/wp\/v2\/posts"}],"about":[{"href":"https:\/\/kevinrechsteiner.com\/blog\/wp-json\/wp\/v2\/types\/post"}],"author":[{"embeddable":true,"href":"https:\/\/kevinrechsteiner.com\/blog\/wp-json\/wp\/v2\/users\/1"}],"replies":[{"embeddable":true,"href":"https:\/\/kevinrechsteiner.com\/blog\/wp-json\/wp\/v2\/comments?post=21966"}],"version-history":[{"count":1,"href":"https:\/\/kevinrechsteiner.com\/blog\/wp-json\/wp\/v2\/posts\/21966\/revisions"}],"predecessor-version":[{"id":21968,"href":"https:\/\/kevinrechsteiner.com\/blog\/wp-json\/wp\/v2\/posts\/21966\/revisions\/21968"}],"wp:attachment":[{"href":"https:\/\/kevinrechsteiner.com\/blog\/wp-json\/wp\/v2\/media?parent=21966"}],"wp:term":[{"taxonomy":"category","embeddable":true,"href":"https:\/\/kevinrechsteiner.com\/blog\/wp-json\/wp\/v2\/categories?post=21966"},{"taxonomy":"post_tag","embeddable":true,"href":"https:\/\/kevinrechsteiner.com\/blog\/wp-json\/wp\/v2\/tags?post=21966"}],"curies":[{"name":"wp","href":"https:\/\/api.w.org\/{rel}","templated":true}]}}