{"id":22128,"date":"2023-12-11T12:36:43","date_gmt":"2023-12-11T11:36:43","guid":{"rendered":"https:\/\/kevinrechsteiner.com\/blog\/?p=22128"},"modified":"2023-12-11T12:36:43","modified_gmt":"2023-12-11T11:36:43","slug":"kochen-auf-dem-feuer","status":"publish","type":"post","link":"https:\/\/kevinrechsteiner.com\/blog\/2023\/12\/11\/kochen-auf-dem-feuer\/","title":{"rendered":"Kochen auf dem Feuer"},"content":{"rendered":"<p>Ich mag es in der dunkleren Jahresh\u00e4lfte auf dem Feuer zu kochen. Leider hat es in den letzten Wochen sehr viel geregnet und die Feuerk\u00fcche kam ein bisschen zu kurz. Ich hoffe, dass das Wetter \u00fcber die Weihnachtstage ein bisschen sch\u00f6ner ist. Dann wird wieder eingefeuert.<\/p>\n<p><img loading=\"lazy\" decoding=\"async\" class=\"alignnone size-full wp-image-22129\" src=\"https:\/\/kevinrechsteiner.com\/blog\/wp-content\/uploads\/2023\/12\/feuerkochen.jpg\" alt=\"\" width=\"624\" height=\"935\" srcset=\"https:\/\/kevinrechsteiner.com\/blog\/wp-content\/uploads\/2023\/12\/feuerkochen.jpg 624w, https:\/\/kevinrechsteiner.com\/blog\/wp-content\/uploads\/2023\/12\/feuerkochen-200x300.jpg 200w\" sizes=\"auto, (max-width: 624px) 100vw, 624px\" \/><\/p>\n","protected":false},"excerpt":{"rendered":"<p>Ich mag es in der dunkleren Jahresh\u00e4lfte auf dem Feuer zu kochen. Leider hat es in den letzten Wochen sehr viel geregnet und die Feuerk\u00fcche kam ein bisschen zu kurz. Ich hoffe, dass das Wetter \u00fcber die Weihnachtstage ein bisschen sch\u00f6ner ist. Dann wird wieder eingefeuert.<\/p>\n","protected":false},"author":1,"featured_media":0,"comment_status":"open","ping_status":"open","sticky":false,"template":"","format":"standard","meta":{"footnotes":""},"categories":[17],"tags":[961,1143],"class_list":["post-22128","post","type-post","status-publish","format-standard","hentry","category-eatdrink","tag-feuer","tag-feuerschale"],"_links":{"self":[{"href":"https:\/\/kevinrechsteiner.com\/blog\/wp-json\/wp\/v2\/posts\/22128","targetHints":{"allow":["GET"]}}],"collection":[{"href":"https:\/\/kevinrechsteiner.com\/blog\/wp-json\/wp\/v2\/posts"}],"about":[{"href":"https:\/\/kevinrechsteiner.com\/blog\/wp-json\/wp\/v2\/types\/post"}],"author":[{"embeddable":true,"href":"https:\/\/kevinrechsteiner.com\/blog\/wp-json\/wp\/v2\/users\/1"}],"replies":[{"embeddable":true,"href":"https:\/\/kevinrechsteiner.com\/blog\/wp-json\/wp\/v2\/comments?post=22128"}],"version-history":[{"count":1,"href":"https:\/\/kevinrechsteiner.com\/blog\/wp-json\/wp\/v2\/posts\/22128\/revisions"}],"predecessor-version":[{"id":22130,"href":"https:\/\/kevinrechsteiner.com\/blog\/wp-json\/wp\/v2\/posts\/22128\/revisions\/22130"}],"wp:attachment":[{"href":"https:\/\/kevinrechsteiner.com\/blog\/wp-json\/wp\/v2\/media?parent=22128"}],"wp:term":[{"taxonomy":"category","embeddable":true,"href":"https:\/\/kevinrechsteiner.com\/blog\/wp-json\/wp\/v2\/categories?post=22128"},{"taxonomy":"post_tag","embeddable":true,"href":"https:\/\/kevinrechsteiner.com\/blog\/wp-json\/wp\/v2\/tags?post=22128"}],"curies":[{"name":"wp","href":"https:\/\/api.w.org\/{rel}","templated":true}]}}