{"id":22201,"date":"2024-01-05T12:55:28","date_gmt":"2024-01-05T11:55:28","guid":{"rendered":"https:\/\/kevinrechsteiner.com\/blog\/?p=22201"},"modified":"2024-01-05T12:55:28","modified_gmt":"2024-01-05T11:55:28","slug":"mein-tier-und-ich","status":"publish","type":"post","link":"https:\/\/kevinrechsteiner.com\/blog\/2024\/01\/05\/mein-tier-und-ich\/","title":{"rendered":"Mein Tier und ich&#8230;"},"content":{"rendered":"<p>Vor \u00fcber einem Jahr hat der Z\u00fcrcher Unterl\u00e4nder eine Portraitreihe namens &#8220;Mein Tier und ich&#8221; gestartet (<a href=\"https:\/\/www.zuonline.ch\/serie-mein-tier-und-ich-kevin-rechsteiner-und-hahn-joe-906300576246\" target=\"_blank\" rel=\"noopener\">Link<\/a>).<\/p>\n<p>Ich durfte mit Joe (unteres Bild) den Start vor einem Jahr machen. Gestern erschien nun der Abschluss mit Thomas (oben). Leider gab&#8217;s im Text vom Z\u00fcrcher Unterl\u00e4nger einen Fehler &#8211; Joe, der Paduaner &#8211; ist der untere Hahn.<\/p>\n<p><a href=\"https:\/\/kevinrechsteiner.com\/blog\/wp-content\/uploads\/2024\/01\/64A1282-Edit-scaled.jpg\" rel=\"lightbox[22201]\"><img loading=\"lazy\" decoding=\"async\" class=\"size-large wp-image-22202\" src=\"https:\/\/kevinrechsteiner.com\/blog\/wp-content\/uploads\/2024\/01\/64A1282-Edit-1000x1000.jpg\" alt=\"\" width=\"960\" height=\"960\" srcset=\"https:\/\/kevinrechsteiner.com\/blog\/wp-content\/uploads\/2024\/01\/64A1282-Edit-1000x1000.jpg 1000w, https:\/\/kevinrechsteiner.com\/blog\/wp-content\/uploads\/2024\/01\/64A1282-Edit-300x300.jpg 300w, https:\/\/kevinrechsteiner.com\/blog\/wp-content\/uploads\/2024\/01\/64A1282-Edit-150x150.jpg 150w, https:\/\/kevinrechsteiner.com\/blog\/wp-content\/uploads\/2024\/01\/64A1282-Edit-768x768.jpg 768w, https:\/\/kevinrechsteiner.com\/blog\/wp-content\/uploads\/2024\/01\/64A1282-Edit-1536x1536.jpg 1536w, https:\/\/kevinrechsteiner.com\/blog\/wp-content\/uploads\/2024\/01\/64A1282-Edit-2048x2048.jpg 2048w, https:\/\/kevinrechsteiner.com\/blog\/wp-content\/uploads\/2024\/01\/64A1282-Edit-1194x1194.jpg 1194w, https:\/\/kevinrechsteiner.com\/blog\/wp-content\/uploads\/2024\/01\/64A1282-Edit-120x120.jpg 120w\" sizes=\"auto, (max-width: 960px) 100vw, 960px\" \/><\/a><\/p>\n<p><a href=\"https:\/\/kevinrechsteiner.com\/blog\/wp-content\/uploads\/2024\/01\/64A1311-scaled.jpg\" rel=\"lightbox[22201]\"><img loading=\"lazy\" decoding=\"async\" class=\"size-large wp-image-22203\" src=\"https:\/\/kevinrechsteiner.com\/blog\/wp-content\/uploads\/2024\/01\/64A1311-1000x1000.jpg\" alt=\"\" width=\"960\" height=\"960\" srcset=\"https:\/\/kevinrechsteiner.com\/blog\/wp-content\/uploads\/2024\/01\/64A1311-1000x1000.jpg 1000w, https:\/\/kevinrechsteiner.com\/blog\/wp-content\/uploads\/2024\/01\/64A1311-300x300.jpg 300w, https:\/\/kevinrechsteiner.com\/blog\/wp-content\/uploads\/2024\/01\/64A1311-150x150.jpg 150w, https:\/\/kevinrechsteiner.com\/blog\/wp-content\/uploads\/2024\/01\/64A1311-768x768.jpg 768w, https:\/\/kevinrechsteiner.com\/blog\/wp-content\/uploads\/2024\/01\/64A1311-1536x1536.jpg 1536w, https:\/\/kevinrechsteiner.com\/blog\/wp-content\/uploads\/2024\/01\/64A1311-2048x2048.jpg 2048w, https:\/\/kevinrechsteiner.com\/blog\/wp-content\/uploads\/2024\/01\/64A1311-1194x1194.jpg 1194w, https:\/\/kevinrechsteiner.com\/blog\/wp-content\/uploads\/2024\/01\/64A1311-120x120.jpg 120w\" sizes=\"auto, (max-width: 960px) 100vw, 960px\" \/><\/a><\/p>\n","protected":false},"excerpt":{"rendered":"<p>Vor \u00fcber einem Jahr hat der Z\u00fcrcher Unterl\u00e4nder eine Portraitreihe namens &#8220;Mein Tier und ich&#8221; gestartet (Link). Ich durfte mit Joe (unteres Bild) den Start vor einem Jahr machen. Gestern erschien nun der Abschluss mit Thomas (oben). Leider gab&#8217;s im Text vom Z\u00fcrcher Unterl\u00e4nger einen Fehler &#8211; Joe, der Paduaner &#8211; ist der untere Hahn.<\/p>\n","protected":false},"author":1,"featured_media":0,"comment_status":"open","ping_status":"open","sticky":false,"template":"","format":"standard","meta":{"footnotes":""},"categories":[6],"tags":[1290,1322,1458,1457],"class_list":["post-22201","post","type-post","status-publish","format-standard","hentry","category-leben","tag-huhn","tag-huehner","tag-joe","tag-zuercher-unterlaender"],"_links":{"self":[{"href":"https:\/\/kevinrechsteiner.com\/blog\/wp-json\/wp\/v2\/posts\/22201","targetHints":{"allow":["GET"]}}],"collection":[{"href":"https:\/\/kevinrechsteiner.com\/blog\/wp-json\/wp\/v2\/posts"}],"about":[{"href":"https:\/\/kevinrechsteiner.com\/blog\/wp-json\/wp\/v2\/types\/post"}],"author":[{"embeddable":true,"href":"https:\/\/kevinrechsteiner.com\/blog\/wp-json\/wp\/v2\/users\/1"}],"replies":[{"embeddable":true,"href":"https:\/\/kevinrechsteiner.com\/blog\/wp-json\/wp\/v2\/comments?post=22201"}],"version-history":[{"count":1,"href":"https:\/\/kevinrechsteiner.com\/blog\/wp-json\/wp\/v2\/posts\/22201\/revisions"}],"predecessor-version":[{"id":22204,"href":"https:\/\/kevinrechsteiner.com\/blog\/wp-json\/wp\/v2\/posts\/22201\/revisions\/22204"}],"wp:attachment":[{"href":"https:\/\/kevinrechsteiner.com\/blog\/wp-json\/wp\/v2\/media?parent=22201"}],"wp:term":[{"taxonomy":"category","embeddable":true,"href":"https:\/\/kevinrechsteiner.com\/blog\/wp-json\/wp\/v2\/categories?post=22201"},{"taxonomy":"post_tag","embeddable":true,"href":"https:\/\/kevinrechsteiner.com\/blog\/wp-json\/wp\/v2\/tags?post=22201"}],"curies":[{"name":"wp","href":"https:\/\/api.w.org\/{rel}","templated":true}]}}