{"id":22274,"date":"2024-02-17T10:46:58","date_gmt":"2024-02-17T09:46:58","guid":{"rendered":"https:\/\/kevinrechsteiner.com\/blog\/?p=22274"},"modified":"2024-02-17T10:46:58","modified_gmt":"2024-02-17T09:46:58","slug":"von-der-idee-zum-bild","status":"publish","type":"post","link":"https:\/\/kevinrechsteiner.com\/blog\/2024\/02\/17\/von-der-idee-zum-bild\/","title":{"rendered":"Von der Idee zum Bild"},"content":{"rendered":"<p>Ich weiss, was ich mit meinen Fotos zeigen m\u00f6chte. Ich bin aber noch nicht da, wo ich will. Es ist schwer zu beschreiben, welches Gef\u00fchl ich ausl\u00f6sen m\u00f6chte und darum ist es f\u00fcr mich auch noch schwierig, das auszudr\u00fccken.<\/p>\n<p>Nach den ersten zwei Shootings, bei denen ich kurz dabei sein durfte, m\u00f6chte ich nun wieder selbst Modelle buchen. Es macht mir grad sehr viel Spass!<\/p>\n<p><a href=\"https:\/\/kevinrechsteiner.com\/blog\/wp-content\/uploads\/2024\/02\/4M3A5690-Verbessert-RR-2-scaled.jpg\" rel=\"lightbox[22274]\"><img loading=\"lazy\" decoding=\"async\" class=\"alignnone size-large wp-image-22275\" src=\"https:\/\/kevinrechsteiner.com\/blog\/wp-content\/uploads\/2024\/02\/4M3A5690-Verbessert-RR-2-667x1000.jpg\" alt=\"\" width=\"667\" height=\"1000\" srcset=\"https:\/\/kevinrechsteiner.com\/blog\/wp-content\/uploads\/2024\/02\/4M3A5690-Verbessert-RR-2-667x1000.jpg 667w, https:\/\/kevinrechsteiner.com\/blog\/wp-content\/uploads\/2024\/02\/4M3A5690-Verbessert-RR-2-200x300.jpg 200w, https:\/\/kevinrechsteiner.com\/blog\/wp-content\/uploads\/2024\/02\/4M3A5690-Verbessert-RR-2-768x1152.jpg 768w, https:\/\/kevinrechsteiner.com\/blog\/wp-content\/uploads\/2024\/02\/4M3A5690-Verbessert-RR-2-1024x1536.jpg 1024w, https:\/\/kevinrechsteiner.com\/blog\/wp-content\/uploads\/2024\/02\/4M3A5690-Verbessert-RR-2-1366x2048.jpg 1366w, https:\/\/kevinrechsteiner.com\/blog\/wp-content\/uploads\/2024\/02\/4M3A5690-Verbessert-RR-2-1194x1791.jpg 1194w, https:\/\/kevinrechsteiner.com\/blog\/wp-content\/uploads\/2024\/02\/4M3A5690-Verbessert-RR-2-scaled.jpg 1707w\" sizes=\"auto, (max-width: 667px) 100vw, 667px\" \/><\/a><\/p>\n","protected":false},"excerpt":{"rendered":"<p>Ich weiss, was ich mit meinen Fotos zeigen m\u00f6chte. Ich bin aber noch nicht da, wo ich will. Es ist schwer zu beschreiben, welches Gef\u00fchl ich ausl\u00f6sen m\u00f6chte und darum ist es f\u00fcr mich auch noch schwierig, das auszudr\u00fccken. Nach den ersten zwei Shootings, bei denen ich kurz dabei sein durfte, m\u00f6chte ich nun wieder [&hellip;]<\/p>\n","protected":false},"author":1,"featured_media":0,"comment_status":"open","ping_status":"open","sticky":false,"template":"","format":"standard","meta":{"footnotes":""},"categories":[3],"tags":[572,589],"class_list":["post-22274","post","type-post","status-publish","format-standard","hentry","category-fotografie","tag-fotografie","tag-portrait"],"_links":{"self":[{"href":"https:\/\/kevinrechsteiner.com\/blog\/wp-json\/wp\/v2\/posts\/22274","targetHints":{"allow":["GET"]}}],"collection":[{"href":"https:\/\/kevinrechsteiner.com\/blog\/wp-json\/wp\/v2\/posts"}],"about":[{"href":"https:\/\/kevinrechsteiner.com\/blog\/wp-json\/wp\/v2\/types\/post"}],"author":[{"embeddable":true,"href":"https:\/\/kevinrechsteiner.com\/blog\/wp-json\/wp\/v2\/users\/1"}],"replies":[{"embeddable":true,"href":"https:\/\/kevinrechsteiner.com\/blog\/wp-json\/wp\/v2\/comments?post=22274"}],"version-history":[{"count":1,"href":"https:\/\/kevinrechsteiner.com\/blog\/wp-json\/wp\/v2\/posts\/22274\/revisions"}],"predecessor-version":[{"id":22276,"href":"https:\/\/kevinrechsteiner.com\/blog\/wp-json\/wp\/v2\/posts\/22274\/revisions\/22276"}],"wp:attachment":[{"href":"https:\/\/kevinrechsteiner.com\/blog\/wp-json\/wp\/v2\/media?parent=22274"}],"wp:term":[{"taxonomy":"category","embeddable":true,"href":"https:\/\/kevinrechsteiner.com\/blog\/wp-json\/wp\/v2\/categories?post=22274"},{"taxonomy":"post_tag","embeddable":true,"href":"https:\/\/kevinrechsteiner.com\/blog\/wp-json\/wp\/v2\/tags?post=22274"}],"curies":[{"name":"wp","href":"https:\/\/api.w.org\/{rel}","templated":true}]}}