{"id":22394,"date":"2024-04-20T08:29:02","date_gmt":"2024-04-20T06:29:02","guid":{"rendered":"https:\/\/kevinrechsteiner.com\/blog\/?p=22394"},"modified":"2024-04-20T08:29:02","modified_gmt":"2024-04-20T06:29:02","slug":"meine-foto-idee","status":"publish","type":"post","link":"https:\/\/kevinrechsteiner.com\/blog\/2024\/04\/20\/meine-foto-idee\/","title":{"rendered":"Meine Foto-Idee"},"content":{"rendered":"<p>Seit ich wieder mehr Menschen fotografiere, habe ich eine bestimmte Bildidee. Oder eher ein Gef\u00fchl f\u00fcr ein Bild. Die Idee ist nicht ganz einfach zu erkl\u00e4ren, aber ich m\u00f6chte eigentlich alles weglassen, was es nicht braucht.<\/p>\n<p>Dieses Foto ist letzte Woche entstanden. Es ist noch weit weg von der Idee, wo ich hin will. Ich mag das Bild aber trotzdem.<\/p>\n<p><a href=\"https:\/\/kevinrechsteiner.com\/blog\/wp-content\/uploads\/2024\/04\/4M3A6374.jpg\" rel=\"lightbox[22394]\"><img loading=\"lazy\" decoding=\"async\" class=\"alignleft size-full wp-image-22395\" src=\"https:\/\/kevinrechsteiner.com\/blog\/wp-content\/uploads\/2024\/04\/4M3A6374.jpg\" alt=\"\" width=\"1333\" height=\"2000\" srcset=\"https:\/\/kevinrechsteiner.com\/blog\/wp-content\/uploads\/2024\/04\/4M3A6374.jpg 1333w, https:\/\/kevinrechsteiner.com\/blog\/wp-content\/uploads\/2024\/04\/4M3A6374-200x300.jpg 200w, https:\/\/kevinrechsteiner.com\/blog\/wp-content\/uploads\/2024\/04\/4M3A6374-667x1000.jpg 667w, https:\/\/kevinrechsteiner.com\/blog\/wp-content\/uploads\/2024\/04\/4M3A6374-768x1152.jpg 768w, https:\/\/kevinrechsteiner.com\/blog\/wp-content\/uploads\/2024\/04\/4M3A6374-1024x1536.jpg 1024w, https:\/\/kevinrechsteiner.com\/blog\/wp-content\/uploads\/2024\/04\/4M3A6374-1194x1791.jpg 1194w\" sizes=\"auto, (max-width: 1333px) 100vw, 1333px\" \/><\/a><\/p>\n","protected":false},"excerpt":{"rendered":"<p>Seit ich wieder mehr Menschen fotografiere, habe ich eine bestimmte Bildidee. Oder eher ein Gef\u00fchl f\u00fcr ein Bild. Die Idee ist nicht ganz einfach zu erkl\u00e4ren, aber ich m\u00f6chte eigentlich alles weglassen, was es nicht braucht. Dieses Foto ist letzte Woche entstanden. Es ist noch weit weg von der Idee, wo ich hin will. Ich [&hellip;]<\/p>\n","protected":false},"author":1,"featured_media":0,"comment_status":"open","ping_status":"open","sticky":false,"template":"","format":"standard","meta":{"footnotes":""},"categories":[3],"tags":[482],"class_list":["post-22394","post","type-post","status-publish","format-standard","hentry","category-fotografie","tag-fotograf"],"_links":{"self":[{"href":"https:\/\/kevinrechsteiner.com\/blog\/wp-json\/wp\/v2\/posts\/22394","targetHints":{"allow":["GET"]}}],"collection":[{"href":"https:\/\/kevinrechsteiner.com\/blog\/wp-json\/wp\/v2\/posts"}],"about":[{"href":"https:\/\/kevinrechsteiner.com\/blog\/wp-json\/wp\/v2\/types\/post"}],"author":[{"embeddable":true,"href":"https:\/\/kevinrechsteiner.com\/blog\/wp-json\/wp\/v2\/users\/1"}],"replies":[{"embeddable":true,"href":"https:\/\/kevinrechsteiner.com\/blog\/wp-json\/wp\/v2\/comments?post=22394"}],"version-history":[{"count":1,"href":"https:\/\/kevinrechsteiner.com\/blog\/wp-json\/wp\/v2\/posts\/22394\/revisions"}],"predecessor-version":[{"id":22396,"href":"https:\/\/kevinrechsteiner.com\/blog\/wp-json\/wp\/v2\/posts\/22394\/revisions\/22396"}],"wp:attachment":[{"href":"https:\/\/kevinrechsteiner.com\/blog\/wp-json\/wp\/v2\/media?parent=22394"}],"wp:term":[{"taxonomy":"category","embeddable":true,"href":"https:\/\/kevinrechsteiner.com\/blog\/wp-json\/wp\/v2\/categories?post=22394"},{"taxonomy":"post_tag","embeddable":true,"href":"https:\/\/kevinrechsteiner.com\/blog\/wp-json\/wp\/v2\/tags?post=22394"}],"curies":[{"name":"wp","href":"https:\/\/api.w.org\/{rel}","templated":true}]}}