{"id":22472,"date":"2024-06-10T14:09:29","date_gmt":"2024-06-10T12:09:29","guid":{"rendered":"https:\/\/kevinrechsteiner.com\/blog\/?p=22472"},"modified":"2024-06-10T14:09:29","modified_gmt":"2024-06-10T12:09:29","slug":"ein-tag-im-europa-park","status":"publish","type":"post","link":"https:\/\/kevinrechsteiner.com\/blog\/2024\/06\/10\/ein-tag-im-europa-park\/","title":{"rendered":"Ein Tag im Europa-Park"},"content":{"rendered":"<p>Meine KV-Klasse hatte die Idee f\u00fcr einen Ausflug in den Europa-Park. Ich habe sie dann machen lassen und die Klasse hat eine Reise mit Eurobus organisiert. Am Sonntag ging es um 7.00 ab Z\u00fcrich los und wir haben den Tag im Europa-Park verbracht. Das letzte Mal war ich wohl vor \u00fcber zwanzig Jahren dort. Ich wollte immer mal wieder gehen und darum habe ich mich auf diesen Ausflug gefreut.<\/p>\n<p>An einige Sachen konnte ich mich noch erinnern. Andere Sachen waren nat\u00fcrlich komplett neu. Die neuen Bahnen haben mich nicht so gereizt und es waren eher die Kulissen und die Atmosph\u00e4re, die mir gefallen hat.<\/p>\n<p>Nat\u00fcrlich wollten die Jungs alle auf die neuen Bahnen wie die Wodan, Voltron oder Silver Star, mir hat aber die eher ruhige Bahn &#8220;Arthur&#8221; am besten gefallen.<\/p>\n<p>Ich w\u00fcrde gerne nochmals in den Europa-Park gehen. Vielleicht sogar mit einer Hotel\u00fcbernachtung, damit ich mehr Zeit dort habe. Es ist ein sch\u00f6ner Ort und wirklich sch\u00f6n gemacht!<\/p>\n","protected":false},"excerpt":{"rendered":"<p>Meine KV-Klasse hatte die Idee f\u00fcr einen Ausflug in den Europa-Park. Ich habe sie dann machen lassen und die Klasse hat eine Reise mit Eurobus organisiert. Am Sonntag ging es um 7.00 ab Z\u00fcrich los und wir haben den Tag im Europa-Park verbracht. Das letzte Mal war ich wohl vor \u00fcber zwanzig Jahren dort. Ich [&hellip;]<\/p>\n","protected":false},"author":1,"featured_media":0,"comment_status":"open","ping_status":"open","sticky":false,"template":"","format":"standard","meta":{"footnotes":""},"categories":[6],"tags":[1471],"class_list":["post-22472","post","type-post","status-publish","format-standard","hentry","category-leben","tag-europa-park"],"_links":{"self":[{"href":"https:\/\/kevinrechsteiner.com\/blog\/wp-json\/wp\/v2\/posts\/22472","targetHints":{"allow":["GET"]}}],"collection":[{"href":"https:\/\/kevinrechsteiner.com\/blog\/wp-json\/wp\/v2\/posts"}],"about":[{"href":"https:\/\/kevinrechsteiner.com\/blog\/wp-json\/wp\/v2\/types\/post"}],"author":[{"embeddable":true,"href":"https:\/\/kevinrechsteiner.com\/blog\/wp-json\/wp\/v2\/users\/1"}],"replies":[{"embeddable":true,"href":"https:\/\/kevinrechsteiner.com\/blog\/wp-json\/wp\/v2\/comments?post=22472"}],"version-history":[{"count":1,"href":"https:\/\/kevinrechsteiner.com\/blog\/wp-json\/wp\/v2\/posts\/22472\/revisions"}],"predecessor-version":[{"id":22473,"href":"https:\/\/kevinrechsteiner.com\/blog\/wp-json\/wp\/v2\/posts\/22472\/revisions\/22473"}],"wp:attachment":[{"href":"https:\/\/kevinrechsteiner.com\/blog\/wp-json\/wp\/v2\/media?parent=22472"}],"wp:term":[{"taxonomy":"category","embeddable":true,"href":"https:\/\/kevinrechsteiner.com\/blog\/wp-json\/wp\/v2\/categories?post=22472"},{"taxonomy":"post_tag","embeddable":true,"href":"https:\/\/kevinrechsteiner.com\/blog\/wp-json\/wp\/v2\/tags?post=22472"}],"curies":[{"name":"wp","href":"https:\/\/api.w.org\/{rel}","templated":true}]}}