{"id":22679,"date":"2024-10-22T22:29:28","date_gmt":"2024-10-22T20:29:28","guid":{"rendered":"https:\/\/kevinrechsteiner.com\/blog\/?p=22679"},"modified":"2024-10-22T22:29:28","modified_gmt":"2024-10-22T20:29:28","slug":"ich-mag-den-europa-park","status":"publish","type":"post","link":"https:\/\/kevinrechsteiner.com\/blog\/2024\/10\/22\/ich-mag-den-europa-park\/","title":{"rendered":"Ich mag den Europa-Park"},"content":{"rendered":"<p>Ich war \u00fcber zwanzig Jahre nicht im Europa-Park und daf\u00fcr in diesem Jahr gleich mehrmals. Beim Besuch in Juni habe ich mich ein bisschen in den Park verliebt&#8230; Nicht in die Bahnen, sondern in die Stimmung im Park.<br \/>\nEs ist alles sehr sch\u00f6n gemacht und ich habe es genossen, einfach durch den Park zu spazieren und alles anzusehen. Trotz der vielen Menschen und der lauten Umgebung hat dieser Park etwas beruhigendes f\u00fcr mich. Vielleicht liegt es daran, dass es so viele Eindr\u00fccke sind, die ich gar nicht verarbeiten kann. Ich kann es nicht genau sagen&#8230; aber ich habe die Zeit im Park sehr genossen.<\/p>\n<p>Der Park wird f\u00fcr jede Saison anders dekoriert. Es gibt eine Herbst- \/ Halloween-Deko und ab Dezember dann den Winterzauber. W\u00e4hrend man den Park im Sommer bei warmen Temperaturen erleben kann, sieht man diesen an den Winterabenden in einer sch\u00f6nen Beleuchtung. So kann man immer wieder auf einen Besuch vorbeischauen und erlebt den Park jedes Mal anders. Mir gef\u00e4llt es!<\/p>\n<p><img loading=\"lazy\" decoding=\"async\" class=\"alignleft size-large wp-image-22680\" src=\"https:\/\/kevinrechsteiner.com\/blog\/wp-content\/uploads\/2024\/10\/europapark-1000x563.jpg\" alt=\"\" width=\"960\" height=\"540\" srcset=\"https:\/\/kevinrechsteiner.com\/blog\/wp-content\/uploads\/2024\/10\/europapark-1000x563.jpg 1000w, https:\/\/kevinrechsteiner.com\/blog\/wp-content\/uploads\/2024\/10\/europapark-300x169.jpg 300w, https:\/\/kevinrechsteiner.com\/blog\/wp-content\/uploads\/2024\/10\/europapark-768x432.jpg 768w, https:\/\/kevinrechsteiner.com\/blog\/wp-content\/uploads\/2024\/10\/europapark-1536x864.jpg 1536w, https:\/\/kevinrechsteiner.com\/blog\/wp-content\/uploads\/2024\/10\/europapark-1194x672.jpg 1194w, https:\/\/kevinrechsteiner.com\/blog\/wp-content\/uploads\/2024\/10\/europapark.jpg 1920w\" sizes=\"auto, (max-width: 960px) 100vw, 960px\" \/><\/p>\n","protected":false},"excerpt":{"rendered":"<p>Ich war \u00fcber zwanzig Jahre nicht im Europa-Park und daf\u00fcr in diesem Jahr gleich mehrmals. Beim Besuch in Juni habe ich mich ein bisschen in den Park verliebt&#8230; Nicht in die Bahnen, sondern in die Stimmung im Park. Es ist alles sehr sch\u00f6n gemacht und ich habe es genossen, einfach durch den Park zu spazieren [&hellip;]<\/p>\n","protected":false},"author":1,"featured_media":0,"comment_status":"open","ping_status":"open","sticky":false,"template":"","format":"standard","meta":{"footnotes":""},"categories":[6],"tags":[1471],"class_list":["post-22679","post","type-post","status-publish","format-standard","hentry","category-leben","tag-europa-park"],"_links":{"self":[{"href":"https:\/\/kevinrechsteiner.com\/blog\/wp-json\/wp\/v2\/posts\/22679","targetHints":{"allow":["GET"]}}],"collection":[{"href":"https:\/\/kevinrechsteiner.com\/blog\/wp-json\/wp\/v2\/posts"}],"about":[{"href":"https:\/\/kevinrechsteiner.com\/blog\/wp-json\/wp\/v2\/types\/post"}],"author":[{"embeddable":true,"href":"https:\/\/kevinrechsteiner.com\/blog\/wp-json\/wp\/v2\/users\/1"}],"replies":[{"embeddable":true,"href":"https:\/\/kevinrechsteiner.com\/blog\/wp-json\/wp\/v2\/comments?post=22679"}],"version-history":[{"count":2,"href":"https:\/\/kevinrechsteiner.com\/blog\/wp-json\/wp\/v2\/posts\/22679\/revisions"}],"predecessor-version":[{"id":22682,"href":"https:\/\/kevinrechsteiner.com\/blog\/wp-json\/wp\/v2\/posts\/22679\/revisions\/22682"}],"wp:attachment":[{"href":"https:\/\/kevinrechsteiner.com\/blog\/wp-json\/wp\/v2\/media?parent=22679"}],"wp:term":[{"taxonomy":"category","embeddable":true,"href":"https:\/\/kevinrechsteiner.com\/blog\/wp-json\/wp\/v2\/categories?post=22679"},{"taxonomy":"post_tag","embeddable":true,"href":"https:\/\/kevinrechsteiner.com\/blog\/wp-json\/wp\/v2\/tags?post=22679"}],"curies":[{"name":"wp","href":"https:\/\/api.w.org\/{rel}","templated":true}]}}