{"id":22984,"date":"2025-04-21T10:29:02","date_gmt":"2025-04-21T08:29:02","guid":{"rendered":"https:\/\/kevinrechsteiner.com\/blog\/?p=22984"},"modified":"2025-05-22T10:24:48","modified_gmt":"2025-05-22T08:24:48","slug":"eine-amsel-aufziehen","status":"publish","type":"post","link":"https:\/\/kevinrechsteiner.com\/blog\/2025\/04\/21\/eine-amsel-aufziehen\/","title":{"rendered":"Eine Amsel aufziehen"},"content":{"rendered":"<p>Im Fr\u00fchling verlassen die jungen V\u00f6gel das Nest. Viele von ihnen so fr\u00fch, dass sie noch nicht fliegen k\u00f6nnen, aber von den Vogeleltern am Boden noch weitergef\u00fcttert werden. Wenn man so einen Jungvogel findet, sollte man ihn nicht mitnehmen.<\/p>\n<p>Bei uns auf dem Hof hat jemand aber einen Jungvogel mitgenommen und darum habe ich entschieden, dass Tier aufzuziehen. Er hatte eine Verletzung am Fl\u00fcgel und auch sein Auge war entz\u00fcndet. Die Erfahrung mit jungen H\u00fchnern hilft und der Umgang mit dem Vogel ist vertraut. Er wird im Moment vor allem mit Regenw\u00fcrmern und getrockneten Mehlw\u00fcrmern gef\u00fcttert und hat sich schon ganz gut entwickelt.<\/p>\n<p>Ich bin noch nicht ganz sicher, was es ist. Entweder ein Star oder eine Amsel. Die beiden V\u00f6gel sehen als Jungtier sehr \u00e4hnlich aus. Ich tippe aber anhand der Ger\u00e4usche die er macht, eher auf eine Amsel.<\/p>\n<p><a href=\"https:\/\/kevinrechsteiner.com\/blog\/wp-content\/uploads\/2025\/04\/vogel.jpg\" rel=\"lightbox[22984]\"><img loading=\"lazy\" decoding=\"async\" class=\"alignnone size-full wp-image-22985\" src=\"https:\/\/kevinrechsteiner.com\/blog\/wp-content\/uploads\/2025\/04\/vogel.jpg\" alt=\"\" width=\"750\" height=\"1000\" srcset=\"https:\/\/kevinrechsteiner.com\/blog\/wp-content\/uploads\/2025\/04\/vogel.jpg 750w, https:\/\/kevinrechsteiner.com\/blog\/wp-content\/uploads\/2025\/04\/vogel-225x300.jpg 225w\" sizes=\"auto, (max-width: 750px) 100vw, 750px\" \/><\/a><\/p>\n","protected":false},"excerpt":{"rendered":"<p>Im Fr\u00fchling verlassen die jungen V\u00f6gel das Nest. Viele von ihnen so fr\u00fch, dass sie noch nicht fliegen k\u00f6nnen, aber von den Vogeleltern am Boden noch weitergef\u00fcttert werden. Wenn man so einen Jungvogel findet, sollte man ihn nicht mitnehmen. Bei uns auf dem Hof hat jemand aber einen Jungvogel mitgenommen und darum habe ich entschieden, [&hellip;]<\/p>\n","protected":false},"author":1,"featured_media":0,"comment_status":"open","ping_status":"open","sticky":false,"template":"","format":"standard","meta":{"footnotes":""},"categories":[6],"tags":[1496,1122,180],"class_list":["post-22984","post","type-post","status-publish","format-standard","hentry","category-leben","tag-amsel","tag-star","tag-voegel"],"_links":{"self":[{"href":"https:\/\/kevinrechsteiner.com\/blog\/wp-json\/wp\/v2\/posts\/22984","targetHints":{"allow":["GET"]}}],"collection":[{"href":"https:\/\/kevinrechsteiner.com\/blog\/wp-json\/wp\/v2\/posts"}],"about":[{"href":"https:\/\/kevinrechsteiner.com\/blog\/wp-json\/wp\/v2\/types\/post"}],"author":[{"embeddable":true,"href":"https:\/\/kevinrechsteiner.com\/blog\/wp-json\/wp\/v2\/users\/1"}],"replies":[{"embeddable":true,"href":"https:\/\/kevinrechsteiner.com\/blog\/wp-json\/wp\/v2\/comments?post=22984"}],"version-history":[{"count":3,"href":"https:\/\/kevinrechsteiner.com\/blog\/wp-json\/wp\/v2\/posts\/22984\/revisions"}],"predecessor-version":[{"id":23034,"href":"https:\/\/kevinrechsteiner.com\/blog\/wp-json\/wp\/v2\/posts\/22984\/revisions\/23034"}],"wp:attachment":[{"href":"https:\/\/kevinrechsteiner.com\/blog\/wp-json\/wp\/v2\/media?parent=22984"}],"wp:term":[{"taxonomy":"category","embeddable":true,"href":"https:\/\/kevinrechsteiner.com\/blog\/wp-json\/wp\/v2\/categories?post=22984"},{"taxonomy":"post_tag","embeddable":true,"href":"https:\/\/kevinrechsteiner.com\/blog\/wp-json\/wp\/v2\/tags?post=22984"}],"curies":[{"name":"wp","href":"https:\/\/api.w.org\/{rel}","templated":true}]}}