{"id":23127,"date":"2025-07-28T12:41:22","date_gmt":"2025-07-28T10:41:22","guid":{"rendered":"https:\/\/kevinrechsteiner.com\/blog\/?p=23127"},"modified":"2025-07-28T12:41:22","modified_gmt":"2025-07-28T10:41:22","slug":"jl-winterthur","status":"publish","type":"post","link":"https:\/\/kevinrechsteiner.com\/blog\/2025\/07\/28\/jl-winterthur\/","title":{"rendered":"JL Winterthur"},"content":{"rendered":"<p>JL (fr\u00fcher Jeanslife bzw. JL Clothing) ist umgezogen. Seit ein paar Wochen findet man den Laden an der Paulstrasse 5. Mit einer gr\u00f6sseren Fl\u00e4che und in einem sch\u00f6nen Geb\u00e4ude findet man alles rund ums Thema Kleidung und Lifestyle.<\/p>\n<p>In der hauseigenen Schneiderei k\u00f6nnen zudem alle Anpassungen und Reparaturen an Kleidungsst\u00fccken ausgef\u00fchrt werden. Und dazu kann man beim St\u00f6bern einen feinen Kaffee trinken. Der neue JL ist unbedingt einen Besuch wert!<\/p>\n<p>Mehr Infos: <a href=\"https:\/\/jlclothing.ch\/\" target=\"_blank\" rel=\"noopener\">jlclothing.ch<\/a><\/p>\n<p><a href=\"https:\/\/kevinrechsteiner.com\/blog\/wp-content\/uploads\/2025\/07\/4M3A0463-scaled.jpg\" rel=\"lightbox[23127]\"><img loading=\"lazy\" decoding=\"async\" class=\"alignleft size-large wp-image-23128\" src=\"https:\/\/kevinrechsteiner.com\/blog\/wp-content\/uploads\/2025\/07\/4M3A0463-1000x667.jpg\" alt=\"\" width=\"960\" height=\"640\" srcset=\"https:\/\/kevinrechsteiner.com\/blog\/wp-content\/uploads\/2025\/07\/4M3A0463-1000x667.jpg 1000w, https:\/\/kevinrechsteiner.com\/blog\/wp-content\/uploads\/2025\/07\/4M3A0463-300x200.jpg 300w, https:\/\/kevinrechsteiner.com\/blog\/wp-content\/uploads\/2025\/07\/4M3A0463-768x512.jpg 768w, https:\/\/kevinrechsteiner.com\/blog\/wp-content\/uploads\/2025\/07\/4M3A0463-1536x1024.jpg 1536w, https:\/\/kevinrechsteiner.com\/blog\/wp-content\/uploads\/2025\/07\/4M3A0463-2048x1365.jpg 2048w, https:\/\/kevinrechsteiner.com\/blog\/wp-content\/uploads\/2025\/07\/4M3A0463-1194x796.jpg 1194w\" sizes=\"auto, (max-width: 960px) 100vw, 960px\" \/><\/a> <a href=\"https:\/\/kevinrechsteiner.com\/blog\/wp-content\/uploads\/2025\/07\/4M3A0470-scaled.jpg\" rel=\"lightbox[23127]\"><img loading=\"lazy\" decoding=\"async\" class=\"alignleft size-large wp-image-23129\" src=\"https:\/\/kevinrechsteiner.com\/blog\/wp-content\/uploads\/2025\/07\/4M3A0470-1000x667.jpg\" alt=\"\" width=\"960\" height=\"640\" srcset=\"https:\/\/kevinrechsteiner.com\/blog\/wp-content\/uploads\/2025\/07\/4M3A0470-1000x667.jpg 1000w, https:\/\/kevinrechsteiner.com\/blog\/wp-content\/uploads\/2025\/07\/4M3A0470-300x200.jpg 300w, https:\/\/kevinrechsteiner.com\/blog\/wp-content\/uploads\/2025\/07\/4M3A0470-768x512.jpg 768w, https:\/\/kevinrechsteiner.com\/blog\/wp-content\/uploads\/2025\/07\/4M3A0470-1536x1024.jpg 1536w, https:\/\/kevinrechsteiner.com\/blog\/wp-content\/uploads\/2025\/07\/4M3A0470-2048x1365.jpg 2048w, https:\/\/kevinrechsteiner.com\/blog\/wp-content\/uploads\/2025\/07\/4M3A0470-1194x796.jpg 1194w\" sizes=\"auto, (max-width: 960px) 100vw, 960px\" \/><\/a> <a href=\"https:\/\/kevinrechsteiner.com\/blog\/wp-content\/uploads\/2025\/07\/4M3A0478-scaled.jpg\" rel=\"lightbox[23127]\"><img loading=\"lazy\" decoding=\"async\" class=\"alignleft size-large wp-image-23130\" src=\"https:\/\/kevinrechsteiner.com\/blog\/wp-content\/uploads\/2025\/07\/4M3A0478-1000x667.jpg\" alt=\"\" width=\"960\" height=\"640\" srcset=\"https:\/\/kevinrechsteiner.com\/blog\/wp-content\/uploads\/2025\/07\/4M3A0478-1000x667.jpg 1000w, https:\/\/kevinrechsteiner.com\/blog\/wp-content\/uploads\/2025\/07\/4M3A0478-300x200.jpg 300w, https:\/\/kevinrechsteiner.com\/blog\/wp-content\/uploads\/2025\/07\/4M3A0478-768x512.jpg 768w, https:\/\/kevinrechsteiner.com\/blog\/wp-content\/uploads\/2025\/07\/4M3A0478-1536x1024.jpg 1536w, https:\/\/kevinrechsteiner.com\/blog\/wp-content\/uploads\/2025\/07\/4M3A0478-2048x1365.jpg 2048w, https:\/\/kevinrechsteiner.com\/blog\/wp-content\/uploads\/2025\/07\/4M3A0478-1194x796.jpg 1194w\" sizes=\"auto, (max-width: 960px) 100vw, 960px\" \/><\/a><\/p>\n","protected":false},"excerpt":{"rendered":"<p>JL (fr\u00fcher Jeanslife bzw. JL Clothing) ist umgezogen. Seit ein paar Wochen findet man den Laden an der Paulstrasse 5. Mit einer gr\u00f6sseren Fl\u00e4che und in einem sch\u00f6nen Geb\u00e4ude findet man alles rund ums Thema Kleidung und Lifestyle. In der hauseigenen Schneiderei k\u00f6nnen zudem alle Anpassungen und Reparaturen an Kleidungsst\u00fccken ausgef\u00fchrt werden. Und dazu kann [&hellip;]<\/p>\n","protected":false},"author":1,"featured_media":0,"comment_status":"open","ping_status":"open","sticky":false,"template":"","format":"standard","meta":{"footnotes":""},"categories":[30],"tags":[1256,469,330],"class_list":["post-23127","post","type-post","status-publish","format-standard","hentry","category-einkaufen","tag-jl-clothing-co","tag-laden","tag-winterthur"],"_links":{"self":[{"href":"https:\/\/kevinrechsteiner.com\/blog\/wp-json\/wp\/v2\/posts\/23127","targetHints":{"allow":["GET"]}}],"collection":[{"href":"https:\/\/kevinrechsteiner.com\/blog\/wp-json\/wp\/v2\/posts"}],"about":[{"href":"https:\/\/kevinrechsteiner.com\/blog\/wp-json\/wp\/v2\/types\/post"}],"author":[{"embeddable":true,"href":"https:\/\/kevinrechsteiner.com\/blog\/wp-json\/wp\/v2\/users\/1"}],"replies":[{"embeddable":true,"href":"https:\/\/kevinrechsteiner.com\/blog\/wp-json\/wp\/v2\/comments?post=23127"}],"version-history":[{"count":1,"href":"https:\/\/kevinrechsteiner.com\/blog\/wp-json\/wp\/v2\/posts\/23127\/revisions"}],"predecessor-version":[{"id":23131,"href":"https:\/\/kevinrechsteiner.com\/blog\/wp-json\/wp\/v2\/posts\/23127\/revisions\/23131"}],"wp:attachment":[{"href":"https:\/\/kevinrechsteiner.com\/blog\/wp-json\/wp\/v2\/media?parent=23127"}],"wp:term":[{"taxonomy":"category","embeddable":true,"href":"https:\/\/kevinrechsteiner.com\/blog\/wp-json\/wp\/v2\/categories?post=23127"},{"taxonomy":"post_tag","embeddable":true,"href":"https:\/\/kevinrechsteiner.com\/blog\/wp-json\/wp\/v2\/tags?post=23127"}],"curies":[{"name":"wp","href":"https:\/\/api.w.org\/{rel}","templated":true}]}}