{"id":3559,"date":"2011-06-20T07:27:10","date_gmt":"2011-06-20T06:27:10","guid":{"rendered":"http:\/\/kevinrechsteiner.com\/blog\/?p=3559"},"modified":"2016-05-16T16:37:29","modified_gmt":"2016-05-16T14:37:29","slug":"die-sache-mit-dem-kompostkubel","status":"publish","type":"post","link":"https:\/\/kevinrechsteiner.com\/blog\/2011\/06\/20\/die-sache-mit-dem-kompostkubel\/","title":{"rendered":"Die Sache mit dem Kompostk\u00fcbel"},"content":{"rendered":"<p>Kompost an sich ist ja eine gute Sache. Leider sind die meisten Kompostk\u00fcbel einfach nur h\u00e4sslich. Darum habe ich mal ein paar sch\u00f6nere Modelle rausgesucht. Der eine ist von Contento und gef\u00e4llt mir sehr. Ich k\u00f6nnte mir auch noch vorstellen, dass dieser K\u00fcbel durchdacht ist, mit den Luftl\u00f6chern. Den Eimer gibt es sogar in vier verschiedenen Farben.<br \/>\nEin bisschen rustikaler ist der Eimer von <a href=\"https:\/\/www.proidee.ch\/?P=653667&amp;H=shopwahl\" target=\"_blank\">Guillouard<\/a>. Dabei handelt es sich einfach um einen Zinkeimer. Finde ich aber auch sehr h\u00fcbsch.<\/p>\n<div id='gallery-1' class='gallery galleryid-3559 gallery-columns-3 gallery-size-thumbnail'><dl class='gallery-item'>\n\t\t\t<dt class='gallery-icon landscape'>\n\t\t\t\t<a href='https:\/\/kevinrechsteiner.com\/blog\/wp-content\/uploads\/2011\/06\/Bildschirmfoto-2011-06-18-um-09.56.31.png' rel=\"lightbox[3559]\"><img loading=\"lazy\" decoding=\"async\" width=\"150\" height=\"150\" src=\"https:\/\/kevinrechsteiner.com\/blog\/wp-content\/uploads\/2011\/06\/Bildschirmfoto-2011-06-18-um-09.56.31-150x150.png\" class=\"attachment-thumbnail size-thumbnail\" alt=\"\" srcset=\"https:\/\/kevinrechsteiner.com\/blog\/wp-content\/uploads\/2011\/06\/Bildschirmfoto-2011-06-18-um-09.56.31-150x150.png 150w, https:\/\/kevinrechsteiner.com\/blog\/wp-content\/uploads\/2011\/06\/Bildschirmfoto-2011-06-18-um-09.56.31-300x300.png 300w, https:\/\/kevinrechsteiner.com\/blog\/wp-content\/uploads\/2011\/06\/Bildschirmfoto-2011-06-18-um-09.56.31.png 514w\" sizes=\"auto, (max-width: 150px) 100vw, 150px\" \/><\/a>\n\t\t\t<\/dt><\/dl><dl class='gallery-item'>\n\t\t\t<dt class='gallery-icon portrait'>\n\t\t\t\t<a href='https:\/\/kevinrechsteiner.com\/blog\/wp-content\/uploads\/2011\/06\/3_672031.jpg' rel=\"lightbox[3559]\"><img loading=\"lazy\" decoding=\"async\" width=\"150\" height=\"150\" src=\"https:\/\/kevinrechsteiner.com\/blog\/wp-content\/uploads\/2011\/06\/3_672031-150x150.jpg\" class=\"attachment-thumbnail size-thumbnail\" alt=\"\" \/><\/a>\n\t\t\t<\/dt><\/dl>\n\t\t\t<br style='clear: both' \/>\n\t\t<\/div>\n\n","protected":false},"excerpt":{"rendered":"<p>Kompost an sich ist ja eine gute Sache. Leider sind die meisten Kompostk\u00fcbel einfach nur h\u00e4sslich. Darum habe ich mal ein paar sch\u00f6nere Modelle rausgesucht. Der eine ist von Contento und gef\u00e4llt mir sehr. Ich k\u00f6nnte mir auch noch vorstellen, dass dieser K\u00fcbel durchdacht ist, mit den Luftl\u00f6chern. Den Eimer gibt es sogar in vier [&hellip;]<\/p>\n","protected":false},"author":1,"featured_media":0,"comment_status":"open","ping_status":"open","sticky":false,"template":"","format":"standard","meta":{"footnotes":""},"categories":[6],"tags":[],"class_list":["post-3559","post","type-post","status-publish","format-standard","hentry","category-leben"],"_links":{"self":[{"href":"https:\/\/kevinrechsteiner.com\/blog\/wp-json\/wp\/v2\/posts\/3559","targetHints":{"allow":["GET"]}}],"collection":[{"href":"https:\/\/kevinrechsteiner.com\/blog\/wp-json\/wp\/v2\/posts"}],"about":[{"href":"https:\/\/kevinrechsteiner.com\/blog\/wp-json\/wp\/v2\/types\/post"}],"author":[{"embeddable":true,"href":"https:\/\/kevinrechsteiner.com\/blog\/wp-json\/wp\/v2\/users\/1"}],"replies":[{"embeddable":true,"href":"https:\/\/kevinrechsteiner.com\/blog\/wp-json\/wp\/v2\/comments?post=3559"}],"version-history":[{"count":1,"href":"https:\/\/kevinrechsteiner.com\/blog\/wp-json\/wp\/v2\/posts\/3559\/revisions"}],"predecessor-version":[{"id":11999,"href":"https:\/\/kevinrechsteiner.com\/blog\/wp-json\/wp\/v2\/posts\/3559\/revisions\/11999"}],"wp:attachment":[{"href":"https:\/\/kevinrechsteiner.com\/blog\/wp-json\/wp\/v2\/media?parent=3559"}],"wp:term":[{"taxonomy":"category","embeddable":true,"href":"https:\/\/kevinrechsteiner.com\/blog\/wp-json\/wp\/v2\/categories?post=3559"},{"taxonomy":"post_tag","embeddable":true,"href":"https:\/\/kevinrechsteiner.com\/blog\/wp-json\/wp\/v2\/tags?post=3559"}],"curies":[{"name":"wp","href":"https:\/\/api.w.org\/{rel}","templated":true}]}}