{"id":752,"date":"2010-09-07T11:22:15","date_gmt":"2010-09-07T11:22:15","guid":{"rendered":"http:\/\/kevinrechsteiner.com\/blog\/?p=752"},"modified":"2016-03-17T17:21:27","modified_gmt":"2016-03-17T16:21:27","slug":"streetfotogafie-mit-thomas-leuthard","status":"publish","type":"post","link":"https:\/\/kevinrechsteiner.com\/blog\/2010\/09\/07\/streetfotogafie-mit-thomas-leuthard\/","title":{"rendered":"Streetfotogafie mit Thomas Leuthard"},"content":{"rendered":"<p>Gestern war ich kurz mit Thomas Leuthard (85mm) in Z\u00fcrich unterwegs.<br \/>\nThomas Leuthard ist ein supersympathischer Mensch und meiner Meinung nach ein genialer Streetfotograf.<br \/>\nDarum habe ich Ihn auch zum einem Interview auf Radio Stadtfilter eingeladen. Die Sendung gibt&#8217;s dann am 21. September und ich freue mich sehr daruf.<\/p>\n<p>Und falls ihr noch eine Kurzdoku zu dem Thema sehen m\u00f6chtet kann ich Euch folgende dreiteilige Doku empfehlen:<br \/>\n<a href=\"https:\/\/vimeo.com\/groups\/22189\/videos\/6497905\" target=\"_blank\">Documenting the Human Condition &#8211; Part One of Three<\/a><br \/>\n<a href=\"https:\/\/vimeo.com\/groups\/22189\/videos\/6502390\" target=\"_blank\">Documenting the Human Condition &#8211; Part Two of Three<\/a><br \/>\n<a href=\"https:\/\/vimeo.com\/groups\/22189\/videos\/6504591\" target=\"_blank\">Documenting the Human Condition &#8211; Part Three of Three<\/a><\/p>\n<p>Aber&#8230; das Interview mit Thomas und wie ihr am besten mit Streetfotografie beginnt und was es f\u00fcr eine Ausr\u00fcstung braucht (wenn ihr Euch keine Leica f\u00fcr 10000.- leisten k\u00f6nnt) und was zu beachten ist erfahrt ihr erst in der Sendung vom 21. September auf <a href=\"https:\/\/www.stadtfilter.ch\">Radio Stadtfilter<\/a>. 19.30 &#8211; 20.00!<\/p>\n<div id='gallery-1' class='gallery galleryid-752 gallery-columns-3 gallery-size-thumbnail'><dl class='gallery-item'>\n\t\t\t<dt class='gallery-icon landscape'>\n\t\t\t\t<a href='https:\/\/kevinrechsteiner.com\/blog\/wp-content\/uploads\/2010\/09\/08092010.jpg' rel=\"lightbox[752]\"><img loading=\"lazy\" decoding=\"async\" width=\"150\" height=\"150\" src=\"https:\/\/kevinrechsteiner.com\/blog\/wp-content\/uploads\/2010\/09\/08092010-150x150.jpg\" class=\"attachment-thumbnail size-thumbnail\" alt=\"\" \/><\/a>\n\t\t\t<\/dt><\/dl><dl class='gallery-item'>\n\t\t\t<dt class='gallery-icon landscape'>\n\t\t\t\t<a href='https:\/\/kevinrechsteiner.com\/blog\/wp-content\/uploads\/2010\/09\/page.jpg' rel=\"lightbox[752]\"><img loading=\"lazy\" decoding=\"async\" width=\"150\" height=\"150\" src=\"https:\/\/kevinrechsteiner.com\/blog\/wp-content\/uploads\/2010\/09\/page-150x150.jpg\" class=\"attachment-thumbnail size-thumbnail\" alt=\"\" \/><\/a>\n\t\t\t<\/dt><\/dl>\n\t\t\t<br style='clear: both' \/>\n\t\t<\/div>\n\n","protected":false},"excerpt":{"rendered":"<p>Gestern war ich kurz mit Thomas Leuthard (85mm) in Z\u00fcrich unterwegs. Thomas Leuthard ist ein supersympathischer Mensch und meiner Meinung nach ein genialer Streetfotograf. Darum habe ich Ihn auch zum einem Interview auf Radio Stadtfilter eingeladen. Die Sendung gibt&#8217;s dann am 21. September und ich freue mich sehr daruf. Und falls ihr noch eine Kurzdoku [&hellip;]<\/p>\n","protected":false},"author":1,"featured_media":0,"comment_status":"open","ping_status":"open","sticky":false,"template":"","format":"standard","meta":{"footnotes":""},"categories":[3],"tags":[],"class_list":["post-752","post","type-post","status-publish","format-standard","hentry","category-fotografie"],"_links":{"self":[{"href":"https:\/\/kevinrechsteiner.com\/blog\/wp-json\/wp\/v2\/posts\/752","targetHints":{"allow":["GET"]}}],"collection":[{"href":"https:\/\/kevinrechsteiner.com\/blog\/wp-json\/wp\/v2\/posts"}],"about":[{"href":"https:\/\/kevinrechsteiner.com\/blog\/wp-json\/wp\/v2\/types\/post"}],"author":[{"embeddable":true,"href":"https:\/\/kevinrechsteiner.com\/blog\/wp-json\/wp\/v2\/users\/1"}],"replies":[{"embeddable":true,"href":"https:\/\/kevinrechsteiner.com\/blog\/wp-json\/wp\/v2\/comments?post=752"}],"version-history":[{"count":0,"href":"https:\/\/kevinrechsteiner.com\/blog\/wp-json\/wp\/v2\/posts\/752\/revisions"}],"wp:attachment":[{"href":"https:\/\/kevinrechsteiner.com\/blog\/wp-json\/wp\/v2\/media?parent=752"}],"wp:term":[{"taxonomy":"category","embeddable":true,"href":"https:\/\/kevinrechsteiner.com\/blog\/wp-json\/wp\/v2\/categories?post=752"},{"taxonomy":"post_tag","embeddable":true,"href":"https:\/\/kevinrechsteiner.com\/blog\/wp-json\/wp\/v2\/tags?post=752"}],"curies":[{"name":"wp","href":"https:\/\/api.w.org\/{rel}","templated":true}]}}