{"id":7999,"date":"2014-01-28T21:20:03","date_gmt":"2014-01-28T20:20:03","guid":{"rendered":"http:\/\/kevinrechsteiner.com\/blog\/?p=7999"},"modified":"2014-01-28T21:20:03","modified_gmt":"2014-01-28T20:20:03","slug":"kaffee-in-milano","status":"publish","type":"post","link":"https:\/\/kevinrechsteiner.com\/blog\/2014\/01\/28\/kaffee-in-milano\/","title":{"rendered":"Kaffee in Milano"},"content":{"rendered":"<p>Milano ist ab Z\u00fcrich perfekt mit dem Zug erreichbar und darum das Ziel unseres Kurzaufenthaltes. Ein bisschen milder als Z\u00fcrich ist das Stadtzentrum perfekt zu Fuss zu erkunden. Nat\u00fcrlich darf auch auf dieser Reise der Kaffee nicht fehlen und auf der Suche auf den verschiedenen Seiten bin ich auf eine Bar namens <a href=\"https:\/\/www.taglio.me\/\" target=\"_blank\">Taglio<\/a> gestossen.<br \/>\nDort gibt es neben Cappuccino und Espresso auch die g\u00e4ngigen Filterkaffees wie Aeropress, V60 oder auch Chemex.<\/p>\n<p><img loading=\"lazy\" decoding=\"async\" class=\"alignnone size-full wp-image-8000\" alt=\"02\" src=\"https:\/\/kevinrechsteiner.com\/blog\/wp-content\/uploads\/2014\/01\/02.jpg\" width=\"1000\" height=\"1500\" srcset=\"https:\/\/kevinrechsteiner.com\/blog\/wp-content\/uploads\/2014\/01\/02.jpg 1000w, https:\/\/kevinrechsteiner.com\/blog\/wp-content\/uploads\/2014\/01\/02-200x300.jpg 200w, https:\/\/kevinrechsteiner.com\/blog\/wp-content\/uploads\/2014\/01\/02-400x600.jpg 400w\" sizes=\"auto, (max-width: 1000px) 100vw, 1000px\" \/> <img loading=\"lazy\" decoding=\"async\" class=\"alignnone size-full wp-image-8001\" alt=\"01\" src=\"https:\/\/kevinrechsteiner.com\/blog\/wp-content\/uploads\/2014\/01\/01.jpg\" width=\"1500\" height=\"1125\" srcset=\"https:\/\/kevinrechsteiner.com\/blog\/wp-content\/uploads\/2014\/01\/01.jpg 1500w, https:\/\/kevinrechsteiner.com\/blog\/wp-content\/uploads\/2014\/01\/01-300x225.jpg 300w, https:\/\/kevinrechsteiner.com\/blog\/wp-content\/uploads\/2014\/01\/01-600x450.jpg 600w\" sizes=\"auto, (max-width: 1500px) 100vw, 1500px\" \/><\/p>\n","protected":false},"excerpt":{"rendered":"<p>Milano ist ab Z\u00fcrich perfekt mit dem Zug erreichbar und darum das Ziel unseres Kurzaufenthaltes. Ein bisschen milder als Z\u00fcrich ist das Stadtzentrum perfekt zu Fuss zu erkunden. Nat\u00fcrlich darf auch auf dieser Reise der Kaffee nicht fehlen und auf der Suche auf den verschiedenen Seiten bin ich auf eine Bar namens Taglio gestossen. Dort [&hellip;]<\/p>\n","protected":false},"author":1,"featured_media":0,"comment_status":"closed","ping_status":"closed","sticky":false,"template":"","format":"standard","meta":{"footnotes":""},"categories":[10],"tags":[81,581,266,139,576],"class_list":["post-7999","post","type-post","status-publish","format-standard","hentry","category-travel","tag-filterkaffee","tag-kaffee","tag-milano","tag-reisen","tag-travel"],"_links":{"self":[{"href":"https:\/\/kevinrechsteiner.com\/blog\/wp-json\/wp\/v2\/posts\/7999","targetHints":{"allow":["GET"]}}],"collection":[{"href":"https:\/\/kevinrechsteiner.com\/blog\/wp-json\/wp\/v2\/posts"}],"about":[{"href":"https:\/\/kevinrechsteiner.com\/blog\/wp-json\/wp\/v2\/types\/post"}],"author":[{"embeddable":true,"href":"https:\/\/kevinrechsteiner.com\/blog\/wp-json\/wp\/v2\/users\/1"}],"replies":[{"embeddable":true,"href":"https:\/\/kevinrechsteiner.com\/blog\/wp-json\/wp\/v2\/comments?post=7999"}],"version-history":[{"count":0,"href":"https:\/\/kevinrechsteiner.com\/blog\/wp-json\/wp\/v2\/posts\/7999\/revisions"}],"wp:attachment":[{"href":"https:\/\/kevinrechsteiner.com\/blog\/wp-json\/wp\/v2\/media?parent=7999"}],"wp:term":[{"taxonomy":"category","embeddable":true,"href":"https:\/\/kevinrechsteiner.com\/blog\/wp-json\/wp\/v2\/categories?post=7999"},{"taxonomy":"post_tag","embeddable":true,"href":"https:\/\/kevinrechsteiner.com\/blog\/wp-json\/wp\/v2\/tags?post=7999"}],"curies":[{"name":"wp","href":"https:\/\/api.w.org\/{rel}","templated":true}]}}