{"id":8223,"date":"2014-03-27T16:30:44","date_gmt":"2014-03-27T15:30:44","guid":{"rendered":"http:\/\/kevinrechsteiner.com\/blog\/?p=8223"},"modified":"2014-03-27T16:30:44","modified_gmt":"2014-03-27T15:30:44","slug":"viel-glas-fuer-viel-geld-ein-neues-objektiv","status":"publish","type":"post","link":"https:\/\/kevinrechsteiner.com\/blog\/2014\/03\/27\/viel-glas-fuer-viel-geld-ein-neues-objektiv\/","title":{"rendered":"Viel Glas f\u00fcr viel Geld &#8211; ein neues Objektiv"},"content":{"rendered":"<p>Vor vielen Jahren habe ich mir eine EOS 5 gekauft und hatte damals nicht so viel Geld f\u00fcr ein Canon-Objektiv. Darum habe ich auf das g\u00fcnstigere Tamron 24-70mm \/ 2.8 zur\u00fcckgegriffen und war eigentlich immer gl\u00fccklich damit. Nun sind aber vor ein paar Wochen die Objektivkontakte ausgestiegen und ich musste mir Gedanken \u00fcber eine Neuanschaffung machen. Zuerst wollte ich das 24-105mm \/ 4.0, habe mich dann aber doch f\u00fcr das doppelt so teure 24-70mm \/ 2.8 entschieden. Tat weh, hat sich aber gelohnt und ich hatte noch nie so viel Freude an einem Objektiv. Die Klarheit und Sch\u00e4rfe sind unglaublich! Teuer aber super!<\/p>\n<p><a href=\"https:\/\/kevinrechsteiner.com\/blog\/wp-content\/uploads\/2014\/03\/IMG_2097.jpg\" rel=\"lightbox[8223]\"><img loading=\"lazy\" decoding=\"async\" class=\"alignnone size-full wp-image-8224\" alt=\"IMG_2097\" src=\"https:\/\/kevinrechsteiner.com\/blog\/wp-content\/uploads\/2014\/03\/IMG_2097.jpg\" width=\"1000\" height=\"1500\" srcset=\"https:\/\/kevinrechsteiner.com\/blog\/wp-content\/uploads\/2014\/03\/IMG_2097.jpg 1000w, https:\/\/kevinrechsteiner.com\/blog\/wp-content\/uploads\/2014\/03\/IMG_2097-200x300.jpg 200w, https:\/\/kevinrechsteiner.com\/blog\/wp-content\/uploads\/2014\/03\/IMG_2097-400x600.jpg 400w\" sizes=\"auto, (max-width: 1000px) 100vw, 1000px\" \/><\/a><\/p>\n","protected":false},"excerpt":{"rendered":"<p>Vor vielen Jahren habe ich mir eine EOS 5 gekauft und hatte damals nicht so viel Geld f\u00fcr ein Canon-Objektiv. Darum habe ich auf das g\u00fcnstigere Tamron 24-70mm \/ 2.8 zur\u00fcckgegriffen und war eigentlich immer gl\u00fccklich damit. Nun sind aber vor ein paar Wochen die Objektivkontakte ausgestiegen und ich musste mir Gedanken \u00fcber eine Neuanschaffung [&hellip;]<\/p>\n","protected":false},"author":1,"featured_media":0,"comment_status":"closed","ping_status":"closed","sticky":false,"template":"","format":"standard","meta":{"footnotes":""},"categories":[3],"tags":[263,572,205],"class_list":["post-8223","post","type-post","status-publish","format-standard","hentry","category-fotografie","tag-canon","tag-fotografie","tag-objektive"],"_links":{"self":[{"href":"https:\/\/kevinrechsteiner.com\/blog\/wp-json\/wp\/v2\/posts\/8223","targetHints":{"allow":["GET"]}}],"collection":[{"href":"https:\/\/kevinrechsteiner.com\/blog\/wp-json\/wp\/v2\/posts"}],"about":[{"href":"https:\/\/kevinrechsteiner.com\/blog\/wp-json\/wp\/v2\/types\/post"}],"author":[{"embeddable":true,"href":"https:\/\/kevinrechsteiner.com\/blog\/wp-json\/wp\/v2\/users\/1"}],"replies":[{"embeddable":true,"href":"https:\/\/kevinrechsteiner.com\/blog\/wp-json\/wp\/v2\/comments?post=8223"}],"version-history":[{"count":0,"href":"https:\/\/kevinrechsteiner.com\/blog\/wp-json\/wp\/v2\/posts\/8223\/revisions"}],"wp:attachment":[{"href":"https:\/\/kevinrechsteiner.com\/blog\/wp-json\/wp\/v2\/media?parent=8223"}],"wp:term":[{"taxonomy":"category","embeddable":true,"href":"https:\/\/kevinrechsteiner.com\/blog\/wp-json\/wp\/v2\/categories?post=8223"},{"taxonomy":"post_tag","embeddable":true,"href":"https:\/\/kevinrechsteiner.com\/blog\/wp-json\/wp\/v2\/tags?post=8223"}],"curies":[{"name":"wp","href":"https:\/\/api.w.org\/{rel}","templated":true}]}}