{"id":8674,"date":"2014-07-19T07:35:45","date_gmt":"2014-07-19T05:35:45","guid":{"rendered":"http:\/\/kevinrechsteiner.com\/blog\/?p=8674"},"modified":"2014-07-19T07:35:45","modified_gmt":"2014-07-19T05:35:45","slug":"filmtage-eglisau-2014-ausverkauft","status":"publish","type":"post","link":"https:\/\/kevinrechsteiner.com\/blog\/2014\/07\/19\/filmtage-eglisau-2014-ausverkauft\/","title":{"rendered":"Filmtage Eglisau 2014 &#8211; ausverkauft!"},"content":{"rendered":"<p>Bei bestem Wetter haben gestern die Filmtage in Eglisau angefangen. Bereits zum achten Mal zeigen wir an drei Tagen ausgesuchte Filme. Das Wetter gestern war perfekt und ich hoffe, das es nun auch f\u00fcr die n\u00e4chsten Tage so bleibt.<br \/>\nLeider sind schon alle Pl\u00e4tze verkauft, aber wenn man Gl\u00fcck hat, kann man sich an der Abendkasse noch einen Platz ergattern.<\/p>\n<p>Da ich nun auch schon das achte Mal dort fotografiere, wollte ich etwas neues probieren. Nacht-Panoramas.<\/p>\n<p><a href=\"https:\/\/kevinrechsteiner.com\/blog\/wp-content\/uploads\/2014\/07\/pano31.jpg\" rel=\"lightbox[8674]\"><img loading=\"lazy\" decoding=\"async\" class=\"alignnone size-full wp-image-8675\" src=\"https:\/\/kevinrechsteiner.com\/blog\/wp-content\/uploads\/2014\/07\/pano31.jpg\" alt=\"pano3\" width=\"1500\" height=\"656\" srcset=\"https:\/\/kevinrechsteiner.com\/blog\/wp-content\/uploads\/2014\/07\/pano31.jpg 1500w, https:\/\/kevinrechsteiner.com\/blog\/wp-content\/uploads\/2014\/07\/pano31-300x131.jpg 300w, https:\/\/kevinrechsteiner.com\/blog\/wp-content\/uploads\/2014\/07\/pano31-600x262.jpg 600w, https:\/\/kevinrechsteiner.com\/blog\/wp-content\/uploads\/2014\/07\/pano31-1194x522.jpg 1194w\" sizes=\"auto, (max-width: 1500px) 100vw, 1500px\" \/><\/a> <a href=\"https:\/\/kevinrechsteiner.com\/blog\/wp-content\/uploads\/2014\/07\/pano21.jpg\" rel=\"lightbox[8674]\"><img loading=\"lazy\" decoding=\"async\" class=\"alignnone size-full wp-image-8676\" src=\"https:\/\/kevinrechsteiner.com\/blog\/wp-content\/uploads\/2014\/07\/pano21.jpg\" alt=\"pano2\" width=\"1500\" height=\"618\" srcset=\"https:\/\/kevinrechsteiner.com\/blog\/wp-content\/uploads\/2014\/07\/pano21.jpg 1500w, https:\/\/kevinrechsteiner.com\/blog\/wp-content\/uploads\/2014\/07\/pano21-300x123.jpg 300w, https:\/\/kevinrechsteiner.com\/blog\/wp-content\/uploads\/2014\/07\/pano21-600x247.jpg 600w, https:\/\/kevinrechsteiner.com\/blog\/wp-content\/uploads\/2014\/07\/pano21-1194x491.jpg 1194w\" sizes=\"auto, (max-width: 1500px) 100vw, 1500px\" \/><\/a> <a href=\"https:\/\/kevinrechsteiner.com\/blog\/wp-content\/uploads\/2014\/07\/pano1.jpg\" rel=\"lightbox[8674]\"><img loading=\"lazy\" decoding=\"async\" class=\"alignnone size-full wp-image-8677\" src=\"https:\/\/kevinrechsteiner.com\/blog\/wp-content\/uploads\/2014\/07\/pano1.jpg\" alt=\"pano1\" width=\"1500\" height=\"691\" srcset=\"https:\/\/kevinrechsteiner.com\/blog\/wp-content\/uploads\/2014\/07\/pano1.jpg 1500w, https:\/\/kevinrechsteiner.com\/blog\/wp-content\/uploads\/2014\/07\/pano1-300x138.jpg 300w, https:\/\/kevinrechsteiner.com\/blog\/wp-content\/uploads\/2014\/07\/pano1-600x276.jpg 600w, https:\/\/kevinrechsteiner.com\/blog\/wp-content\/uploads\/2014\/07\/pano1-1194x550.jpg 1194w\" sizes=\"auto, (max-width: 1500px) 100vw, 1500px\" \/><\/a> <a href=\"https:\/\/kevinrechsteiner.com\/blog\/wp-content\/uploads\/2014\/07\/IMG_4253.jpg\" rel=\"lightbox[8674]\"><img loading=\"lazy\" decoding=\"async\" class=\"alignnone size-full wp-image-8678\" src=\"https:\/\/kevinrechsteiner.com\/blog\/wp-content\/uploads\/2014\/07\/IMG_4253.jpg\" alt=\"IMG_4253\" width=\"1200\" height=\"800\" srcset=\"https:\/\/kevinrechsteiner.com\/blog\/wp-content\/uploads\/2014\/07\/IMG_4253.jpg 1200w, https:\/\/kevinrechsteiner.com\/blog\/wp-content\/uploads\/2014\/07\/IMG_4253-300x200.jpg 300w, https:\/\/kevinrechsteiner.com\/blog\/wp-content\/uploads\/2014\/07\/IMG_4253-600x400.jpg 600w, https:\/\/kevinrechsteiner.com\/blog\/wp-content\/uploads\/2014\/07\/IMG_4253-1194x796.jpg 1194w\" sizes=\"auto, (max-width: 1200px) 100vw, 1200px\" \/><\/a> <a href=\"https:\/\/kevinrechsteiner.com\/blog\/wp-content\/uploads\/2014\/07\/IMG_4259.jpg\" rel=\"lightbox[8674]\"><img loading=\"lazy\" decoding=\"async\" class=\"alignnone size-full wp-image-8679\" src=\"https:\/\/kevinrechsteiner.com\/blog\/wp-content\/uploads\/2014\/07\/IMG_4259.jpg\" alt=\"IMG_4259\" width=\"1200\" height=\"800\" srcset=\"https:\/\/kevinrechsteiner.com\/blog\/wp-content\/uploads\/2014\/07\/IMG_4259.jpg 1200w, https:\/\/kevinrechsteiner.com\/blog\/wp-content\/uploads\/2014\/07\/IMG_4259-300x200.jpg 300w, https:\/\/kevinrechsteiner.com\/blog\/wp-content\/uploads\/2014\/07\/IMG_4259-600x400.jpg 600w, https:\/\/kevinrechsteiner.com\/blog\/wp-content\/uploads\/2014\/07\/IMG_4259-1194x796.jpg 1194w\" sizes=\"auto, (max-width: 1200px) 100vw, 1200px\" \/><\/a><\/p>\n","protected":false},"excerpt":{"rendered":"<p>Bei bestem Wetter haben gestern die Filmtage in Eglisau angefangen. Bereits zum achten Mal zeigen wir an drei Tagen ausgesuchte Filme. Das Wetter gestern war perfekt und ich hoffe, das es nun auch f\u00fcr die n\u00e4chsten Tage so bleibt. Leider sind schon alle Pl\u00e4tze verkauft, aber wenn man Gl\u00fcck hat, kann man sich an der [&hellip;]<\/p>\n","protected":false},"author":1,"featured_media":0,"comment_status":"closed","ping_status":"closed","sticky":false,"template":"","format":"standard","meta":{"footnotes":""},"categories":[9],"tags":[367,135,575,105],"class_list":["post-8674","post","type-post","status-publish","format-standard","hentry","category-kino","tag-eglisau","tag-filmtage-eglisau","tag-kino","tag-openair"],"_links":{"self":[{"href":"https:\/\/kevinrechsteiner.com\/blog\/wp-json\/wp\/v2\/posts\/8674","targetHints":{"allow":["GET"]}}],"collection":[{"href":"https:\/\/kevinrechsteiner.com\/blog\/wp-json\/wp\/v2\/posts"}],"about":[{"href":"https:\/\/kevinrechsteiner.com\/blog\/wp-json\/wp\/v2\/types\/post"}],"author":[{"embeddable":true,"href":"https:\/\/kevinrechsteiner.com\/blog\/wp-json\/wp\/v2\/users\/1"}],"replies":[{"embeddable":true,"href":"https:\/\/kevinrechsteiner.com\/blog\/wp-json\/wp\/v2\/comments?post=8674"}],"version-history":[{"count":0,"href":"https:\/\/kevinrechsteiner.com\/blog\/wp-json\/wp\/v2\/posts\/8674\/revisions"}],"wp:attachment":[{"href":"https:\/\/kevinrechsteiner.com\/blog\/wp-json\/wp\/v2\/media?parent=8674"}],"wp:term":[{"taxonomy":"category","embeddable":true,"href":"https:\/\/kevinrechsteiner.com\/blog\/wp-json\/wp\/v2\/categories?post=8674"},{"taxonomy":"post_tag","embeddable":true,"href":"https:\/\/kevinrechsteiner.com\/blog\/wp-json\/wp\/v2\/tags?post=8674"}],"curies":[{"name":"wp","href":"https:\/\/api.w.org\/{rel}","templated":true}]}}